{"id":97363,"date":"2021-09-15T00:30:17","date_gmt":"2021-09-15T03:30:17","guid":{"rendered":"http:\/\/vinasfm.com\/noticias\/?p=97363"},"modified":"2021-09-15T17:43:14","modified_gmt":"2021-09-15T20:43:14","slug":"covid-19-confirmaron-el-fallecimiento-de-un-paciente-con-la-variante-delta-en-mendoza","status":"publish","type":"post","link":"https:\/\/vinasfm.com\/noticias\/covid-19-confirmaron-el-fallecimiento-de-un-paciente-con-la-variante-delta-en-mendoza\/","title":{"rendered":"COVID-19: CONFIRMARON EL FALLECIMIENTO DE UN PACIENTE CON LA VARIANTE DELTA EN MENDOZA"},"content":{"rendered":"<h4><span style=\"color: #000000;\"><strong>En la ma\u00f1ana de este martes, el Ministerio de Salud, Desarrollo Social y Deportes confirm\u00f3 el fallecimiento de un hombre de nacionalidad brasile\u00f1o que se le hab\u00eda detectado variante delta por COVID-19.<\/strong><\/span><\/h4>\n<p><span style=\"color: #000000;\">El paciente, de profesi\u00f3n trasportista, hab\u00eda ingresado al Hospital Perrupato del departamento de San Mart\u00edn el 28 de agosto con neumon\u00eda bilateral avanzada. Ante la patolog\u00eda y por llegar desde una zona de riesgo por variante delta, el equipo del ministerio decide realizarle una PCR <em>in house<\/em> y con el positivo enviar para que sea confirmado por el Instituto Malbr\u00e1n.<\/span><\/p>\n<p><span style=\"color: #000000;\">Al respecto, la ministra de salud, Ana Mar\u00eda Nadal, manifest\u00f3: \u201c<strong><em>En la provincia cont\u00e1bamos con dos casos de variante delta. Uno era este transportista. El fallecimiento se produce en las primeras horas de esta ma\u00f1ana pero el paciente ya ven\u00eda con un cuadro muy complicado, por lo cual hace dos semanas que estaba internado en terapia intensiva<\/em><\/strong>\u201d.<\/span><\/p>\n<p><span style=\"color: #000000;\">La funcionara destac\u00f3 la pronta respuesta del equipo de Salud en la detecci\u00f3n. \u201c<strong><em>Al venir de una zona de riesgo y contar con una patolog\u00eda compatible con COVID-19, se decide hacer el PCR in house y por supuesto aislar a los contactos estrechos como los profesionales que lo atendieron. Todos los resultados de estos \u00faltimos fueron negativos<\/em><\/strong>\u201d, explic\u00f3.<\/span><\/p>\n<p><span style=\"color: #000000;\">Asimismo, Nadal confirm\u00f3 que se est\u00e1n estudiando dos casos de profesionales que probablemente cuenten con la variante. \u201c<strong><em>Son profesionales del Hospital Lagomaggiore que ven\u00edan de la provincia de C\u00f3rdoba y en estos momentos est\u00e1n aislados y a la espera de los resultados del Malbr\u00e1n<\/em><\/strong>\u201d, inform\u00f3.<\/span><\/p>\n","protected":false},"excerpt":{"rendered":"<p>En la ma\u00f1ana de este martes, el Ministerio de Salud, Desarrollo Social y Deportes confirm\u00f3 el fallecimiento de un hombre de &#8230;<\/p>\n","protected":false},"author":8,"featured_media":97364,"comment_status":"open","ping_status":"open","sticky":false,"template":"","format":"standard","meta":{"footnotes":""},"categories":[5,15],"tags":[],"class_list":["post-97363","post","type-post","status-publish","format-standard","has-post-thumbnail","hentry","category-actualidad","category-salud"],"_links":{"self":[{"href":"https:\/\/vinasfm.com\/noticias\/wp-json\/wp\/v2\/posts\/97363","targetHints":{"allow":["GET"]}}],"collection":[{"href":"https:\/\/vinasfm.com\/noticias\/wp-json\/wp\/v2\/posts"}],"about":[{"href":"https:\/\/vinasfm.com\/noticias\/wp-json\/wp\/v2\/types\/post"}],"author":[{"embeddable":true,"href":"https:\/\/vinasfm.com\/noticias\/wp-json\/wp\/v2\/users\/8"}],"replies":[{"embeddable":true,"href":"https:\/\/vinasfm.com\/noticias\/wp-json\/wp\/v2\/comments?post=97363"}],"version-history":[{"count":2,"href":"https:\/\/vinasfm.com\/noticias\/wp-json\/wp\/v2\/posts\/97363\/revisions"}],"predecessor-version":[{"id":97400,"href":"https:\/\/vinasfm.com\/noticias\/wp-json\/wp\/v2\/posts\/97363\/revisions\/97400"}],"wp:featuredmedia":[{"embeddable":true,"href":"https:\/\/vinasfm.com\/noticias\/wp-json\/wp\/v2\/media\/97364"}],"wp:attachment":[{"href":"https:\/\/vinasfm.com\/noticias\/wp-json\/wp\/v2\/media?parent=97363"}],"wp:term":[{"taxonomy":"category","embeddable":true,"href":"https:\/\/vinasfm.com\/noticias\/wp-json\/wp\/v2\/categories?post=97363"},{"taxonomy":"post_tag","embeddable":true,"href":"https:\/\/vinasfm.com\/noticias\/wp-json\/wp\/v2\/tags?post=97363"}],"curies":[{"name":"wp","href":"https:\/\/api.w.org\/{rel}","templated":true}]}}