{"id":97359,"date":"2021-09-15T23:59:26","date_gmt":"2021-09-16T02:59:26","guid":{"rendered":"http:\/\/vinasfm.com\/noticias\/?p=97359"},"modified":"2021-09-16T10:18:58","modified_gmt":"2021-09-16T13:18:58","slug":"habra-destrezas-criollas-en-la-40a-fiesta-nacional-de-la-ganaderia","status":"publish","type":"post","link":"https:\/\/vinasfm.com\/noticias\/habra-destrezas-criollas-en-la-40a-fiesta-nacional-de-la-ganaderia\/","title":{"rendered":"VUELVEN LAS DESTREZAS CRIOLLAS A LA FIESTA NACIONAL DE LA GANADER\u00cdA"},"content":{"rendered":"<h4><span style=\"color: #000000;\"><strong><span style=\"color: #000000;\">El domingo 10 de octubre, en el marco de la 40\u00aa Fiesta Nacional de la Ganader\u00eda, retornar\u00e1n las destrezas criollas en el d\u00eda de cierre del evento para sustituir el tradicional espect\u00e1culo de jineteada.\u00a0<\/span><\/strong><\/span><\/h4>\n<p><span style=\"color: #000000;\"><strong>Miguel Sosa<\/strong>, quien habitualmente est\u00e1 abocado a la organizaci\u00f3n de la jineteada en el predio ferial, anunci\u00f3 en di\u00e1logo con <strong>FM Vi\u00f1as<\/strong>: <em><strong>\u00abAnte la imposibilidad de organizar la jineteada, se est\u00e1 trabajando con un espect\u00e1culo de destrezas criollas\u00bb<\/strong><\/em>. El mismo se realizar\u00e1 el <strong>domingo 10 de octubre.<\/strong><\/span><\/p>\n<p><span style=\"color: #000000;\">En este sentido, Sosa agreg\u00f3: <em><strong>\u00abQuiero aclarar que es por la situaci\u00f3n especial que tenemos hoy en d\u00eda con la pandemia y gracias a Dios por lo menos nos han permitido hacer esto para que el domingo la gente de gusto tradicional que siempre acompa\u00f1a pueda ver algo. Pero en cuanto nos permitan, la jineteada tambi\u00e9n va a volver a la Fiesta\u00bb<\/strong><\/em>.<\/span><\/p>\n<p><span style=\"color: #000000;\"><span style=\"color: #000000;\">Por otra parte, agradeci\u00f3 a todos los implicados en la organizaci\u00f3n del evento. <\/span><em><b>\u00abHemos invitado a la gente de la regi\u00f3n, los centros tradicionalistas de Villa Atuel, Real del Padre, Jaime Prats y ya nos han dado el ok. As\u00ed que con la participaci\u00f3n de ellos hemos empezado a trabajar, adem\u00e1s de la colaboraci\u00f3n en la organizaci\u00f3n del festival de la recientemente conformada <\/b><span style=\"color: #000000;\"><b>Delegaci\u00f3n<\/b><\/span><b> General <\/b><span style=\"color: #000000;\"><b>Alvear<\/b><\/span><b>\u00a0de la Federaci\u00f3n Gaucha de Mendoza\u00bb<\/b><\/em><span style=\"color: #000000;\">, coment\u00f3 Miguel Sosa, con mucha expectativa por la realizaci\u00f3n de este evento.<\/span><\/span><\/p>\n<h5><span style=\"color: #000000;\"><strong>\u2022L.A.<\/strong><\/span><\/h5>\n","protected":false},"excerpt":{"rendered":"<p>El domingo 10 de octubre, en el marco de la 40\u00aa Fiesta Nacional de la Ganader\u00eda, retornar\u00e1n las destrezas criollas en &#8230;<\/p>\n","protected":false},"author":7,"featured_media":40121,"comment_status":"open","ping_status":"open","sticky":false,"template":"","format":"standard","meta":{"footnotes":""},"categories":[5,28],"tags":[],"class_list":["post-97359","post","type-post","status-publish","format-standard","has-post-thumbnail","hentry","category-actualidad","category-fiesta-nacional-de-la-ganaderia"],"_links":{"self":[{"href":"https:\/\/vinasfm.com\/noticias\/wp-json\/wp\/v2\/posts\/97359","targetHints":{"allow":["GET"]}}],"collection":[{"href":"https:\/\/vinasfm.com\/noticias\/wp-json\/wp\/v2\/posts"}],"about":[{"href":"https:\/\/vinasfm.com\/noticias\/wp-json\/wp\/v2\/types\/post"}],"author":[{"embeddable":true,"href":"https:\/\/vinasfm.com\/noticias\/wp-json\/wp\/v2\/users\/7"}],"replies":[{"embeddable":true,"href":"https:\/\/vinasfm.com\/noticias\/wp-json\/wp\/v2\/comments?post=97359"}],"version-history":[{"count":6,"href":"https:\/\/vinasfm.com\/noticias\/wp-json\/wp\/v2\/posts\/97359\/revisions"}],"predecessor-version":[{"id":97430,"href":"https:\/\/vinasfm.com\/noticias\/wp-json\/wp\/v2\/posts\/97359\/revisions\/97430"}],"wp:featuredmedia":[{"embeddable":true,"href":"https:\/\/vinasfm.com\/noticias\/wp-json\/wp\/v2\/media\/40121"}],"wp:attachment":[{"href":"https:\/\/vinasfm.com\/noticias\/wp-json\/wp\/v2\/media?parent=97359"}],"wp:term":[{"taxonomy":"category","embeddable":true,"href":"https:\/\/vinasfm.com\/noticias\/wp-json\/wp\/v2\/categories?post=97359"},{"taxonomy":"post_tag","embeddable":true,"href":"https:\/\/vinasfm.com\/noticias\/wp-json\/wp\/v2\/tags?post=97359"}],"curies":[{"name":"wp","href":"https:\/\/api.w.org\/{rel}","templated":true}]}}