{"id":97283,"date":"2021-09-14T23:59:45","date_gmt":"2021-09-15T02:59:45","guid":{"rendered":"http:\/\/vinasfm.com\/noticias\/?p=97283"},"modified":"2021-09-15T11:28:10","modified_gmt":"2021-09-15T14:28:10","slug":"damian-carbo-anuncio-el-avance-en-las-gestiones-de-un-plan-ganadero-nacional","status":"publish","type":"post","link":"https:\/\/vinasfm.com\/noticias\/damian-carbo-anuncio-el-avance-en-las-gestiones-de-un-plan-ganadero-nacional\/","title":{"rendered":"DAMI\u00c1N CARB\u00d3 ANUNCI\u00d3 EL AVANCE EN LAS GESTIONES DE UN PLAN GANADERO NACIONAL"},"content":{"rendered":"<h4><span style=\"color: #000000;\"><strong>El Director Provincial de Ganader\u00eda brind\u00f3 detalles sobre el avance en un nuevo plan ganadero nacional para el cual establecieron sus condiciones e insisten desde el sector en la necesidad de proyectos a largo plazo.<\/strong><\/span><\/h4>\n<p><span style=\"color: #000000;\">Tras una importante reuni\u00f3n con el Consejo Federal Agropecuario, <strong>Dami\u00e1n Carb\u00f3<\/strong>\u00a0manifest\u00f3 cu\u00e1les son las propuestas planteadas por el sector. <strong>En di\u00e1logo con F.M. Vi\u00f1as<\/strong> coment\u00f3: <em><strong>\u00abEstamos de acuerdo con un plan ganadero porque la actividad necesita previsibilidad en el tiempo. Participamos en la regi\u00f3n Cuyo, con San Juan y San Luis, y fue una reuni\u00f3n muy provechosa\u00bb<\/strong><\/em>.<\/span><\/p>\n<p><span style=\"color: #000000;\">En cuanto a las condiciones que establecieron, aclar\u00f3: <em><strong>\u00abPero tambi\u00e9n dejamos en claro nuestra postura de que no vamos a aceptar un plan en el que est\u00e9n restringidas las exportaciones, que hay haya control de precios sin analizar la cadena productiva y sea el peque\u00f1o productor el que tenga que absorber las consecuencias de las decisiones pol\u00edticas\u00bb<\/strong><\/em>.<\/span><\/p>\n<p><span style=\"color: #000000;\">De esta manera, apunt\u00f3 a las \u00faltimas medidas tomadas por el gobierno nacional con respecto a la exportaci\u00f3n de carne. <em><strong>\u00abLlevar un novillo a la g\u00f3ndola es un proceso de 5 a\u00f1os, entonces no podemos cambiar los rumbos de la ganader\u00eda, por eso lo que se decida tiene que representar nuestra decisi\u00f3n\u00bb<\/strong><\/em>, explic\u00f3 Carb\u00f3 y agreg\u00f3: <em><strong>\u00abSe hizo hincapi\u00e9 en mejorar la calidad de vida del producto, que se trabaje mancomunadamente entre naci\u00f3n y provincia para poner internet en los campos, trabajar en red de caminos, entre otras cuestiones\u00bb<\/strong><\/em>.<\/span><\/p>\n<p><span style=\"color: #000000;\">Por \u00faltimo, el Director de Ganader\u00eda destac\u00f3 que la respuesta es positiva que da el sector cuando se le ofrece la oportunidad de progresar. <em><strong>\u00abEn la provincia ya se est\u00e1n haciendo cosas como Mendoza Activa 2, que enl a primera convocatoria sum\u00f3 24 proyectos, incluyendo a la producci\u00f3n vacuna, cabra, porcino y tambi\u00e9n apicultura. Esto muestra que cuando se hacen gestiones pol\u00edticas, se metieron todas las \u00e1reas y me pone contento el est\u00edmulo a la inversi\u00f3n\u00bb<\/strong><\/em>, cerr\u00f3.<\/span><\/p>\n<h5><strong><span style=\"color: #000000;\">\u2022L.A.<\/span><\/strong><\/h5>\n","protected":false},"excerpt":{"rendered":"<p>El Director Provincial de Ganader\u00eda brind\u00f3 detalles sobre el avance en un nuevo plan ganadero nacional para el cual establecieron sus &#8230;<\/p>\n","protected":false},"author":7,"featured_media":1950,"comment_status":"open","ping_status":"open","sticky":false,"template":"","format":"standard","meta":{"footnotes":""},"categories":[5,24],"tags":[],"class_list":["post-97283","post","type-post","status-publish","format-standard","has-post-thumbnail","hentry","category-actualidad","category-ganaderia"],"_links":{"self":[{"href":"https:\/\/vinasfm.com\/noticias\/wp-json\/wp\/v2\/posts\/97283","targetHints":{"allow":["GET"]}}],"collection":[{"href":"https:\/\/vinasfm.com\/noticias\/wp-json\/wp\/v2\/posts"}],"about":[{"href":"https:\/\/vinasfm.com\/noticias\/wp-json\/wp\/v2\/types\/post"}],"author":[{"embeddable":true,"href":"https:\/\/vinasfm.com\/noticias\/wp-json\/wp\/v2\/users\/7"}],"replies":[{"embeddable":true,"href":"https:\/\/vinasfm.com\/noticias\/wp-json\/wp\/v2\/comments?post=97283"}],"version-history":[{"count":3,"href":"https:\/\/vinasfm.com\/noticias\/wp-json\/wp\/v2\/posts\/97283\/revisions"}],"predecessor-version":[{"id":97397,"href":"https:\/\/vinasfm.com\/noticias\/wp-json\/wp\/v2\/posts\/97283\/revisions\/97397"}],"wp:featuredmedia":[{"embeddable":true,"href":"https:\/\/vinasfm.com\/noticias\/wp-json\/wp\/v2\/media\/1950"}],"wp:attachment":[{"href":"https:\/\/vinasfm.com\/noticias\/wp-json\/wp\/v2\/media?parent=97283"}],"wp:term":[{"taxonomy":"category","embeddable":true,"href":"https:\/\/vinasfm.com\/noticias\/wp-json\/wp\/v2\/categories?post=97283"},{"taxonomy":"post_tag","embeddable":true,"href":"https:\/\/vinasfm.com\/noticias\/wp-json\/wp\/v2\/tags?post=97283"}],"curies":[{"name":"wp","href":"https:\/\/api.w.org\/{rel}","templated":true}]}}