{"id":97218,"date":"2021-09-14T10:20:26","date_gmt":"2021-09-14T13:20:26","guid":{"rendered":"http:\/\/vinasfm.com\/noticias\/?p=97218"},"modified":"2021-09-14T12:57:32","modified_gmt":"2021-09-14T15:57:32","slug":"un-movil-policial-y-un-taxi-colisionaron-en-el-km-0-de-ciudad","status":"publish","type":"post","link":"https:\/\/vinasfm.com\/noticias\/un-movil-policial-y-un-taxi-colisionaron-en-el-km-0-de-ciudad\/","title":{"rendered":"UN M\u00d3VIL POLICIAL Y UN TAXI COLISIONARON EN EL KM 0 DE CIUDAD"},"content":{"rendered":"<h4><span style=\"color: #000000;\"><strong>En horas de la madrugada de este lunes un m\u00f3vil de Policia Cient\u00edfica y un taxi protagonizaron un accidente de tr\u00e1nsito en el Km 0 de Ciudad.<\/strong><\/span><\/h4>\n<p><span style=\"color: #000000;\">En di\u00e1logo con <strong>F.M. VI\u00d1AS<\/strong>, fuentes policiales confirmaron que el siniestro <strong>ocurri\u00f3 a las 5:25hs<\/strong> en la <strong>intersecci\u00f3n de Avenida Libertador Norte y Avenida Alvear Este\u00a0<\/strong>entre interno 3307 marca <strong>Chevrolet Prisma<\/strong> y un taxi marca <strong>Chevrolet Classic<\/strong>.<\/span><\/p>\n<p><span style=\"color: #000000;\">Seg\u00fan la reconstrucci\u00f3n oficial del siniestro, <strong>la movilidad policial giraba por la rotonda de sur a norte cuando colision\u00f3 con el segundo veh\u00edculo<\/strong>, al mando de un hombre de apellido <em>Chiappini<\/em> (41), que <strong>se desplazaba en direcci\u00f3n oeste trasladando a una mujer embarazada<\/strong> hasta el Hospital <em>Enfermeros Argentinos<\/em>.<\/span><\/p>\n<p><span style=\"color: #000000;\">Afortunadamente, <strong>ninguno de los intervinientes sufri\u00f3 lesiones<\/strong>; solo se registraron da\u00f1os materiales en ambas movilidades.<\/span><\/p>\n<p><span style=\"color: #000000;\">Se labraron actuaciones en &#8216;<strong>Averiguaci\u00f3n Ley 9024<\/strong>&#8216; bajo instrucci\u00f3n de la Unidad Fiscal de Comisaria 14\u00b0<\/span><\/p>\n<h5><span style=\"color: #000000;\">\u2022F.B. (F.M Vi\u00f1as).<\/span><\/h5>\n","protected":false},"excerpt":{"rendered":"<p>En horas de la madrugada de este lunes un m\u00f3vil de Policia Cient\u00edfica y un taxi protagonizaron un accidente de tr\u00e1nsito &#8230;<\/p>\n","protected":false},"author":8,"featured_media":66502,"comment_status":"open","ping_status":"open","sticky":false,"template":"","format":"standard","meta":{"footnotes":""},"categories":[5,4],"tags":[],"class_list":["post-97218","post","type-post","status-publish","format-standard","has-post-thumbnail","hentry","category-actualidad","category-policiales"],"_links":{"self":[{"href":"https:\/\/vinasfm.com\/noticias\/wp-json\/wp\/v2\/posts\/97218","targetHints":{"allow":["GET"]}}],"collection":[{"href":"https:\/\/vinasfm.com\/noticias\/wp-json\/wp\/v2\/posts"}],"about":[{"href":"https:\/\/vinasfm.com\/noticias\/wp-json\/wp\/v2\/types\/post"}],"author":[{"embeddable":true,"href":"https:\/\/vinasfm.com\/noticias\/wp-json\/wp\/v2\/users\/8"}],"replies":[{"embeddable":true,"href":"https:\/\/vinasfm.com\/noticias\/wp-json\/wp\/v2\/comments?post=97218"}],"version-history":[{"count":2,"href":"https:\/\/vinasfm.com\/noticias\/wp-json\/wp\/v2\/posts\/97218\/revisions"}],"predecessor-version":[{"id":97250,"href":"https:\/\/vinasfm.com\/noticias\/wp-json\/wp\/v2\/posts\/97218\/revisions\/97250"}],"wp:featuredmedia":[{"embeddable":true,"href":"https:\/\/vinasfm.com\/noticias\/wp-json\/wp\/v2\/media\/66502"}],"wp:attachment":[{"href":"https:\/\/vinasfm.com\/noticias\/wp-json\/wp\/v2\/media?parent=97218"}],"wp:term":[{"taxonomy":"category","embeddable":true,"href":"https:\/\/vinasfm.com\/noticias\/wp-json\/wp\/v2\/categories?post=97218"},{"taxonomy":"post_tag","embeddable":true,"href":"https:\/\/vinasfm.com\/noticias\/wp-json\/wp\/v2\/tags?post=97218"}],"curies":[{"name":"wp","href":"https:\/\/api.w.org\/{rel}","templated":true}]}}