{"id":96829,"date":"2021-09-06T01:22:58","date_gmt":"2021-09-06T04:22:58","guid":{"rendered":"http:\/\/vinasfm.com\/noticias\/?p=96829"},"modified":"2021-09-06T11:55:51","modified_gmt":"2021-09-06T14:55:51","slug":"plogging-precandidatos-de-cambia-mendoza-se-sumaron-a-la-limpieza-de-cauces-en-alvear","status":"publish","type":"post","link":"https:\/\/vinasfm.com\/noticias\/plogging-precandidatos-de-cambia-mendoza-se-sumaron-a-la-limpieza-de-cauces-en-alvear\/","title":{"rendered":"PLOGGING: PRECANDIDATOS DE CAMBIA MENDOZA SE SUMARON A LA LIMPIEZA DE CAUCES EN ALVEAR"},"content":{"rendered":"<h4><span style=\"color: #000000;\"><span style=\"color: #000000;\">Los precandidatos de la lista 503A del Frente Cambia Mendoza realizaron el pasado s\u00e1bado en horas de la ma\u00f1ana una actividad de plogging en nuestro departamento.<\/span><\/span><\/h4>\n<p><span style=\"color: #000000;\">Esta fue una actividad que se replic\u00f3 en toda la provincia y que tuvo su respuesta en nuestro departamento, donde los <strong>precandidatos de la lista 503A<\/strong>, junto a la <strong>precandidata a Senadora Nacional Mariana Juri<\/strong> participaron de esta iniciativa que tiene como objetivo concientizar sobre el cuidado ambiental.<\/span><\/p>\n<p><span style=\"color: #000000;\">Esta actividad fue parte de la <strong>Agenda Verde Joven del Frente Cambia Mendoza<\/strong>, y tiene como objetivo visibilizar las problem\u00e1ticas ambientales de inter\u00e9s para las y los j\u00f3venes, por ello se plantearon una serie de acciones e instancias de formaci\u00f3n e intercambio.<\/span><\/p>\n<p><span style=\"color: #000000;\">Es importante tener en cuenta que <strong>el cambio clim\u00e1tico<\/strong> ya no es un desaf\u00edo futuro, sino <strong>una problem\u00e1tica del presente.<\/strong> <strong>Las juventudes juegan hoy un rol fundamental en la lucha contra el cambio clim\u00e1tico<\/strong>. <\/span><\/p>\n<p><span style=\"color: #000000;\">Son protagonistas en el impulso de transformaciones estructurales en materia de cuidado del ambiente. No s\u00f3lo mediante el cambio de h\u00e1bitos y la realizaci\u00f3n de acciones concretas que impactan su territorio, sino mediante su <strong>involucramiento y participaci\u00f3n en los espacios de decisi\u00f3n<\/strong>.<\/span><\/p>\n<p><span style=\"color: #000000;\">Con esta acci\u00f3n, se busca <strong>visibilizar los problemas que genera la basura que se arroja en los r\u00edos, cauces y acequias<\/strong> afectando gravemente la calidad de vida y el desarrollo sostenible de la provincia. <\/span><\/p>\n<p><span style=\"color: #000000;\">\u201c<strong><em>A diario se quitan residuos que son arrojados por las personas y que impiden la circulaci\u00f3n del agua que riega no solo los cultivos que luego consumimos sino tambi\u00e9n el agua que ingresa a las plantas potabilizadoras<\/em><\/strong>\u201d, explicaron desde la juventud del Frente Cambia Mendoza. <\/span><\/p>\n<p><span style=\"color: #000000;\">Sumaron que \u201c<strong><em>con esta acci\u00f3n, queremos visibilizar los problemas que genera la basura que se arroja en los r\u00edos, cauces y acequias afectando gravemente la calidad de vida y el desarrollo sostenible de la provincia<\/em><\/strong>\u201d.<\/span><\/p>\n<h5><span style=\"color: #000000;\">\u2022F.B.<\/span><\/h5>\n","protected":false},"excerpt":{"rendered":"<p>Los precandidatos de la lista 503A del Frente Cambia Mendoza realizaron el pasado s\u00e1bado en horas de la ma\u00f1ana una actividad &#8230;<\/p>\n","protected":false},"author":8,"featured_media":96830,"comment_status":"open","ping_status":"open","sticky":false,"template":"","format":"standard","meta":{"footnotes":""},"categories":[5,34],"tags":[],"class_list":["post-96829","post","type-post","status-publish","format-standard","has-post-thumbnail","hentry","category-actualidad","category-medio-ambiente"],"_links":{"self":[{"href":"https:\/\/vinasfm.com\/noticias\/wp-json\/wp\/v2\/posts\/96829","targetHints":{"allow":["GET"]}}],"collection":[{"href":"https:\/\/vinasfm.com\/noticias\/wp-json\/wp\/v2\/posts"}],"about":[{"href":"https:\/\/vinasfm.com\/noticias\/wp-json\/wp\/v2\/types\/post"}],"author":[{"embeddable":true,"href":"https:\/\/vinasfm.com\/noticias\/wp-json\/wp\/v2\/users\/8"}],"replies":[{"embeddable":true,"href":"https:\/\/vinasfm.com\/noticias\/wp-json\/wp\/v2\/comments?post=96829"}],"version-history":[{"count":3,"href":"https:\/\/vinasfm.com\/noticias\/wp-json\/wp\/v2\/posts\/96829\/revisions"}],"predecessor-version":[{"id":96887,"href":"https:\/\/vinasfm.com\/noticias\/wp-json\/wp\/v2\/posts\/96829\/revisions\/96887"}],"wp:featuredmedia":[{"embeddable":true,"href":"https:\/\/vinasfm.com\/noticias\/wp-json\/wp\/v2\/media\/96830"}],"wp:attachment":[{"href":"https:\/\/vinasfm.com\/noticias\/wp-json\/wp\/v2\/media?parent=96829"}],"wp:term":[{"taxonomy":"category","embeddable":true,"href":"https:\/\/vinasfm.com\/noticias\/wp-json\/wp\/v2\/categories?post=96829"},{"taxonomy":"post_tag","embeddable":true,"href":"https:\/\/vinasfm.com\/noticias\/wp-json\/wp\/v2\/tags?post=96829"}],"curies":[{"name":"wp","href":"https:\/\/api.w.org\/{rel}","templated":true}]}}