{"id":96822,"date":"2021-09-06T11:20:24","date_gmt":"2021-09-06T14:20:24","guid":{"rendered":"http:\/\/vinasfm.com\/noticias\/?p=96822"},"modified":"2021-09-06T11:29:02","modified_gmt":"2021-09-06T14:29:02","slug":"el-pedido-de-alfredo-cornejo-y-mariana-juri-previo-a-las-elecciones-paso","status":"publish","type":"post","link":"https:\/\/vinasfm.com\/noticias\/el-pedido-de-alfredo-cornejo-y-mariana-juri-previo-a-las-elecciones-paso\/","title":{"rendered":"EL PEDIDO DE ALFREDO CORNEJO Y MARIANA JURI PREVIO A LAS ELECCIONES PASO"},"content":{"rendered":"<h4><strong><span style=\"color: #000000;\">Los precandidatos de Cambia Mendoza acompa\u00f1aron al intendente Walther Marcolini y las autoridades de la C\u00e1mara de Comercio y Ganader\u00eda de nuestro departamento en la presentaci\u00f3n de la Fiesta Nacional de la Ganader\u00eda de Zonas \u00c1ridas.<\/span><\/strong><\/h4>\n<p><span style=\"color: #000000;\"><strong>Mariana Juri<\/strong> y <strong>Alfredo Cornejo<\/strong>, precandidatos del Frente Cambia Mendoza, participaron del <strong>D\u00eda de Campo en General Alvear<\/strong>, donde se realiz\u00f3 la presentaci\u00f3n oficial de la Fiesta Nacional de la Ganader\u00eda de Zonas \u00c1ridas.\u00a0El a\u00f1o pasado, el evento se realiz\u00f3 desde la virtualidad en el marco de las restricciones impuestas por la pandemia y en esta oportunidad volver\u00e1 a la presencialidad y se llevar\u00e1 adelante del 6 al 10 de octubre en el predio ferial.<\/span><\/p>\n<p><span style=\"color: #000000;\">El ex gobernador remarc\u00f3 que visitaron el departamento sure\u00f1o para acompa\u00f1ar al <strong>intendente Walther Marcolini<\/strong> y al <strong>presidente de la C\u00e1mara de Comercio, Industria, Agricultura y Ganader\u00eda, Andr\u00e9s Vavrik<\/strong> en un acto institucional, mediante el que se est\u00e1 restableciendo de a poco la vida cotidiana.<\/span><\/p>\n<p><span style=\"color: #000000;\">Adem\u00e1s, Cornejo aprovech\u00f3 la visita para pedir a los alvearenses que acompa\u00f1en al Frente Cambia Mendoza con su voto: \u201c<strong><em>Si el Gobierno Nacional sale derrotado de estas elecciones, se ver\u00e1 en la obligaci\u00f3n de atender y darle agilidad a la resoluci\u00f3n de la pandemia como corresponde, como as\u00ed tambi\u00e9n a dejar de meterle miedo a la gente, en vez de resolver los problemas<\/em><\/strong>\u201d.<\/span><\/p>\n<p><span style=\"color: #000000;\">Consultada sobre la Fiesta de la Vendimia, <strong>Juri<\/strong> remarc\u00f3 que \u201c<strong><em>ser\u00e1 una gran oportunidad para atraer turistas ya la vez para que nuestros artistas est\u00e9n en el escenario y puedan trabajar<\/em><\/strong>\u201d.\u00a0Y coment\u00f3 que en su paso por San Rafael pudo constatar que el programa Sale Mendoza est\u00e1 dando los resultados esperados. \u201c<strong><em>Hemos tenido una gran alegr\u00eda al ver como se utiliza, ya que visitamos a los prestadores y nos manifestaron su alegr\u00eda por haber vendido gran cantidad de paquetes tur\u00edsticos<\/em><\/strong>\u201d, sostuvo.<\/span><\/p>\n<p><span style=\"color: #000000;\">La ministra de Cultura y Turismo tambi\u00e9n agreg\u00f3 que se encontr\u00f3 con una familia de Maip\u00fa que hab\u00eda llegado a San Rafael para ver a sus hijos jugando al rugby y que con Sale Mendoza pudo reservar una caba\u00f1a \u201c<strong><em>y eso es lo que nos enorgullece<\/em><\/strong>\u201d.<\/span><\/p>\n<p><span style=\"color: #000000;\">De esta manera, Juri hizo hincapi\u00e9 en la pol\u00edtica aperturista que ha tenido Mendoza y asegur\u00f3 que \u201c<strong><em>la provincia ha decidido ir abriendo todo, lo que nos ha permitido no improvisar.\u00a0Este es el gran acierto de Mendoza en relaci\u00f3n a lo que decidi\u00f3 la Naci\u00f3n<\/em><\/strong>\u201d.<\/span><\/p>\n<p><span style=\"color: #000000;\"><strong>Elecciones<\/strong><\/span><br \/>\n<span style=\"color: #000000;\">Por otro lado, Cornejo insisti\u00f3 en que \u201c<strong><em>Mendoza hace un gran esfuerzo en este contexto para tener sus cuentas en orden, lo mismo que hace Walther (Marcolini) aqu\u00ed en Alvear, pero el problema est\u00e1 centrado en que la macroeconom\u00eda no mejora, entonces cualquier esfuerzo de administraci\u00f3n local y regional queda rengo a la hora de generar empleo, aumentar el consumo e incrementar la inversi\u00f3n<\/em><\/strong>\u201d.<\/span><\/p>\n<p><span style=\"color: #000000;\">Al hablar sobre los resultados de las \u00faltimas elecciones en Corrientes, el precandidato asegur\u00f3 que \u201c<strong><em>el 76% que logramos es, sin duda, porque hay una gesti\u00f3n valorada y se premi\u00f3.\u00a0Pero en esa diferencia tambi\u00e9n se puede ver un rechazo al Gobierno Nacional<\/em><\/strong>\u201d.<\/span><\/p>\n","protected":false},"excerpt":{"rendered":"<p>Los precandidatos de Cambia Mendoza acompa\u00f1aron al intendente Walther Marcolini y las autoridades de la C\u00e1mara de Comercio y Ganader\u00eda de &#8230;<\/p>\n","protected":false},"author":8,"featured_media":96823,"comment_status":"open","ping_status":"open","sticky":false,"template":"","format":"standard","meta":{"footnotes":""},"categories":[5,7],"tags":[],"class_list":["post-96822","post","type-post","status-publish","format-standard","has-post-thumbnail","hentry","category-actualidad","category-politica"],"_links":{"self":[{"href":"https:\/\/vinasfm.com\/noticias\/wp-json\/wp\/v2\/posts\/96822","targetHints":{"allow":["GET"]}}],"collection":[{"href":"https:\/\/vinasfm.com\/noticias\/wp-json\/wp\/v2\/posts"}],"about":[{"href":"https:\/\/vinasfm.com\/noticias\/wp-json\/wp\/v2\/types\/post"}],"author":[{"embeddable":true,"href":"https:\/\/vinasfm.com\/noticias\/wp-json\/wp\/v2\/users\/8"}],"replies":[{"embeddable":true,"href":"https:\/\/vinasfm.com\/noticias\/wp-json\/wp\/v2\/comments?post=96822"}],"version-history":[{"count":3,"href":"https:\/\/vinasfm.com\/noticias\/wp-json\/wp\/v2\/posts\/96822\/revisions"}],"predecessor-version":[{"id":96883,"href":"https:\/\/vinasfm.com\/noticias\/wp-json\/wp\/v2\/posts\/96822\/revisions\/96883"}],"wp:featuredmedia":[{"embeddable":true,"href":"https:\/\/vinasfm.com\/noticias\/wp-json\/wp\/v2\/media\/96823"}],"wp:attachment":[{"href":"https:\/\/vinasfm.com\/noticias\/wp-json\/wp\/v2\/media?parent=96822"}],"wp:term":[{"taxonomy":"category","embeddable":true,"href":"https:\/\/vinasfm.com\/noticias\/wp-json\/wp\/v2\/categories?post=96822"},{"taxonomy":"post_tag","embeddable":true,"href":"https:\/\/vinasfm.com\/noticias\/wp-json\/wp\/v2\/tags?post=96822"}],"curies":[{"name":"wp","href":"https:\/\/api.w.org\/{rel}","templated":true}]}}