{"id":96556,"date":"2021-08-31T11:00:23","date_gmt":"2021-08-31T14:00:23","guid":{"rendered":"http:\/\/vinasfm.com\/noticias\/?p=96556"},"modified":"2021-08-31T18:27:49","modified_gmt":"2021-08-31T21:27:49","slug":"forestaron-el-predio-del-merendero-circunvalacion-en-el-marco-del-dia-del-arbol","status":"publish","type":"post","link":"https:\/\/vinasfm.com\/noticias\/forestaron-el-predio-del-merendero-circunvalacion-en-el-marco-del-dia-del-arbol\/","title":{"rendered":"FORESTARON EL PREDIO DEL MERENDERO CIRCUNVALACI\u00d3N EN EL MARCO DEL D\u00cdA DEL \u00c1RBOL"},"content":{"rendered":"<h5><span style=\"color: #000000;\"><strong>En el marco del D\u00eda Nacional del \u00c1rbol conmemorado cada 29 de agosto, este lunes personal de la Asesor\u00eda de la Ni\u00f1ez, Adolescencia y Juventud, de Gesti\u00f3n Ambiental y de Servicios P\u00fablicos, junto a ni\u00f1os que acuden al Merendero Circunvalaci\u00f3n, a la Coordinadora del Merendero Ana Alonso y a vecinos del lugar, forestaron con moras un sector del predio donde est\u00e1 el merendero. <\/strong><\/span><\/h5>\n<p><span style=\"color: #000000;\">Esta acci\u00f3n, tuvo principalmente fines educativos, para que los m\u00e1s chicos aprendan los valores del cuidado del medioambiente: <strong><em>\u201cConsideramos que estas acciones son muy importantes, adem\u00e1s son impulsadas por j\u00f3venes que no solo son nativos digitales sino que tienen una fuerte impronta en cuanto al cuidado del medioambiente<\/em><\/strong>\u201d, indic\u00f3 el <strong>Asesor de la Juventud Daniel Quiles<\/strong>. <\/span><\/p>\n<p><span style=\"color: #000000;\">Por su parte <strong>Anal\u00eda Alonso<\/strong>, <strong>responsable del Merendero Circunvalaci\u00f3n<\/strong>, agradeci\u00f3 por la tarea que el Municipio realiz\u00f3 en el predio: \u201c<strong><em>Esta acci\u00f3n es important\u00edsima porque es un peque\u00f1o pulm\u00f3n verde en esta zona y los chicos seguramente van a disfrutar de estos arbolitos cuando sean grandes. Ac\u00e1 el Estado siempre ha estado presente, por eso les agradezco porque es lo que nos permite seguir adelante con esta obra<\/em><\/strong>\u201d.<\/span><\/p>\n<h5><span style=\"color: #000000;\">\u2022F.B.<\/span><\/h5>\n","protected":false},"excerpt":{"rendered":"<p>En el marco del D\u00eda Nacional del \u00c1rbol conmemorado cada 29 de agosto, este lunes personal de la Asesor\u00eda de la &#8230;<\/p>\n","protected":false},"author":8,"featured_media":96557,"comment_status":"open","ping_status":"open","sticky":false,"template":"","format":"standard","meta":{"footnotes":""},"categories":[5,34],"tags":[],"class_list":["post-96556","post","type-post","status-publish","format-standard","has-post-thumbnail","hentry","category-actualidad","category-medio-ambiente"],"_links":{"self":[{"href":"https:\/\/vinasfm.com\/noticias\/wp-json\/wp\/v2\/posts\/96556","targetHints":{"allow":["GET"]}}],"collection":[{"href":"https:\/\/vinasfm.com\/noticias\/wp-json\/wp\/v2\/posts"}],"about":[{"href":"https:\/\/vinasfm.com\/noticias\/wp-json\/wp\/v2\/types\/post"}],"author":[{"embeddable":true,"href":"https:\/\/vinasfm.com\/noticias\/wp-json\/wp\/v2\/users\/8"}],"replies":[{"embeddable":true,"href":"https:\/\/vinasfm.com\/noticias\/wp-json\/wp\/v2\/comments?post=96556"}],"version-history":[{"count":2,"href":"https:\/\/vinasfm.com\/noticias\/wp-json\/wp\/v2\/posts\/96556\/revisions"}],"predecessor-version":[{"id":96595,"href":"https:\/\/vinasfm.com\/noticias\/wp-json\/wp\/v2\/posts\/96556\/revisions\/96595"}],"wp:featuredmedia":[{"embeddable":true,"href":"https:\/\/vinasfm.com\/noticias\/wp-json\/wp\/v2\/media\/96557"}],"wp:attachment":[{"href":"https:\/\/vinasfm.com\/noticias\/wp-json\/wp\/v2\/media?parent=96556"}],"wp:term":[{"taxonomy":"category","embeddable":true,"href":"https:\/\/vinasfm.com\/noticias\/wp-json\/wp\/v2\/categories?post=96556"},{"taxonomy":"post_tag","embeddable":true,"href":"https:\/\/vinasfm.com\/noticias\/wp-json\/wp\/v2\/tags?post=96556"}],"curies":[{"name":"wp","href":"https:\/\/api.w.org\/{rel}","templated":true}]}}