{"id":96552,"date":"2021-08-31T23:30:13","date_gmt":"2021-09-01T02:30:13","guid":{"rendered":"http:\/\/vinasfm.com\/noticias\/?p=96552"},"modified":"2021-09-01T08:53:08","modified_gmt":"2021-09-01T11:53:08","slug":"avanza-con-exito-el-operativo-de-vacunacion-en-parajes-y-distritos","status":"publish","type":"post","link":"https:\/\/vinasfm.com\/noticias\/avanza-con-exito-el-operativo-de-vacunacion-en-parajes-y-distritos\/","title":{"rendered":"AVANZA CON \u00c9XITO EL OPERATIVO DE VACUNACI\u00d3N EN PARAJES Y DISTRITOS"},"content":{"rendered":"<h4><span style=\"color: #000000;\"><strong>La vacunaci\u00f3n Covid-19 volvi\u00f3 nuevamente al Centro de Salud de Cochic\u00f3 para llegar con la inoculaci\u00f3n a nuestros vecinos del alejado paraje y de los puestos de la zona. <\/strong><\/span><\/h4>\n<p><span style=\"color: #000000;\">Entre ellos, <strong>se coloc\u00f3 la primera dosis a 5 personas y la segunda a 10 restantes<\/strong>, que sin estos operativos, dif\u00edcilmente puedan tener la posibilidad de protegerse del Covid-19. <\/span><\/p>\n<p><span style=\"color: #000000;\">Hoy las tareas<strong> continuar\u00e1n en Corral de Lorca, Canalejas y La Mora<\/strong>. Mediante estos operativos se ha podido inocular a una gran cantidad de vecinos de parajes alejados del departamento, que de otra forma hubieran tenido grandes dificultades para acceder a la vacuna Covid.<\/span><\/p>\n<p><span style=\"color: #000000;\">Anal\u00eda Alonso de Municipio Saludable explic\u00f3 que: \u201c<strong><em>La tarea ha sido muy positiva y es importante porque de esta manera nos aseguramos de que puedan obtener el esquema completo sin necesidad de que tengan que trasladarse a la Ciudad, que sabemos que es dificultoso<\/em><\/strong>\u201d. <\/span><\/p>\n<p><span style=\"color: #000000;\">Los operativos que se llevan a cabo de manera conjunta entre el <strong>\u00c1rea Departamental de Salud<\/strong>, el <strong>HCD<\/strong> y la <strong>Municipalidad de General Alvear<\/strong>, hoy se trasladan al<strong> Centro de Salud de Corral de Lorca a las 9:30hs<\/strong>, <strong>a las 11:30 al Centro de Salud de Canalejas<\/strong> y a las <strong>13hs a la Escuela Casta\u00f1eda de La Mora<\/strong>. <\/span><\/p>\n<p><span style=\"color: #000000;\">\u201c<strong><em>Invitamos a todos los vecinos que ya se colocaron la primera dosis o que deban coloc\u00e1rsela, que se acerquen para que puedan recibir el esquema completo\u201d,\u00a0<\/em><\/strong>dijo Alonso, quien confirm\u00f3 que <strong>la pr\u00f3xima semana continuar\u00e1 el operativo<\/strong> con el objetivo de llegar con la segunda dosis a todos los lugares donde se colocaron primeras dosis.<\/span><\/p>\n<h5><span style=\"color: #000000;\">\u2022F.B.<\/span><\/h5>\n","protected":false},"excerpt":{"rendered":"<p>La vacunaci\u00f3n Covid-19 volvi\u00f3 nuevamente al Centro de Salud de Cochic\u00f3 para llegar con la inoculaci\u00f3n a nuestros vecinos del alejado &#8230;<\/p>\n","protected":false},"author":8,"featured_media":91095,"comment_status":"open","ping_status":"open","sticky":false,"template":"","format":"standard","meta":{"footnotes":""},"categories":[5,15],"tags":[],"class_list":["post-96552","post","type-post","status-publish","format-standard","has-post-thumbnail","hentry","category-actualidad","category-salud"],"_links":{"self":[{"href":"https:\/\/vinasfm.com\/noticias\/wp-json\/wp\/v2\/posts\/96552","targetHints":{"allow":["GET"]}}],"collection":[{"href":"https:\/\/vinasfm.com\/noticias\/wp-json\/wp\/v2\/posts"}],"about":[{"href":"https:\/\/vinasfm.com\/noticias\/wp-json\/wp\/v2\/types\/post"}],"author":[{"embeddable":true,"href":"https:\/\/vinasfm.com\/noticias\/wp-json\/wp\/v2\/users\/8"}],"replies":[{"embeddable":true,"href":"https:\/\/vinasfm.com\/noticias\/wp-json\/wp\/v2\/comments?post=96552"}],"version-history":[{"count":2,"href":"https:\/\/vinasfm.com\/noticias\/wp-json\/wp\/v2\/posts\/96552\/revisions"}],"predecessor-version":[{"id":96555,"href":"https:\/\/vinasfm.com\/noticias\/wp-json\/wp\/v2\/posts\/96552\/revisions\/96555"}],"wp:featuredmedia":[{"embeddable":true,"href":"https:\/\/vinasfm.com\/noticias\/wp-json\/wp\/v2\/media\/91095"}],"wp:attachment":[{"href":"https:\/\/vinasfm.com\/noticias\/wp-json\/wp\/v2\/media?parent=96552"}],"wp:term":[{"taxonomy":"category","embeddable":true,"href":"https:\/\/vinasfm.com\/noticias\/wp-json\/wp\/v2\/categories?post=96552"},{"taxonomy":"post_tag","embeddable":true,"href":"https:\/\/vinasfm.com\/noticias\/wp-json\/wp\/v2\/tags?post=96552"}],"curies":[{"name":"wp","href":"https:\/\/api.w.org\/{rel}","templated":true}]}}