{"id":96531,"date":"2021-08-31T09:30:50","date_gmt":"2021-08-31T12:30:50","guid":{"rendered":"http:\/\/vinasfm.com\/noticias\/?p=96531"},"modified":"2021-08-31T18:28:14","modified_gmt":"2021-08-31T21:28:14","slug":"habilitan-a-los-mayores-de-40-anos-para-completar-el-esquema-de-sputnik-con-moderna","status":"publish","type":"post","link":"https:\/\/vinasfm.com\/noticias\/habilitan-a-los-mayores-de-40-anos-para-completar-el-esquema-de-sputnik-con-moderna\/","title":{"rendered":"HABILITAN A LOS MAYORES DE 40 A\u00d1OS PARA COMPLETAR EL ESQUEMA DE SPUTNIK CON MODERNA"},"content":{"rendered":"<h4><span style=\"color: #000000;\"><strong>El Ministerio de Salud, Desarrollo Social y Deportes contin\u00faa con el trabajo de fortalecer el operativo de vacunaci\u00f3n contra la COVID-19. <\/strong><\/span><\/h4>\n<p><span style=\"color: #000000;\">A partir de <strong>este martes 31 de agosto<\/strong> queda <strong>habilitada la vacunaci\u00f3n combinada para mayores de 40 a\u00f1os<\/strong> que tengan la primera dosis de <strong>Sputnik<\/strong> y opten por completar el esquema con <strong>Moderna<\/strong>. <strong>Pueden concurrir a los centros de vacunaci\u00f3n de 9 a 16<\/strong>.<\/span><\/p>\n<p><span style=\"color: #000000;\">Cabe recordar que el fin de semana pasado se habilit\u00f3 la inoculaci\u00f3n combinada para completar el esquema en mayores de 18 a\u00f1os con obesidad como factor de riesgo.\u00a0<\/span><\/p>\n<p><span style=\"color: #000000;\">La <strong>Ministra de Salud Ana Mar\u00eda Nadal<\/strong>\u00a0detall\u00f3: \u201c<em>Hasta el momento, dentro del grupo de mayores de 18 a\u00f1os habilitado para la combinaci\u00f3n de dosis, hay 82% con la primera vacuna y 44% con el esquema completo. Mientras que en el grupo de mayores de 50 a\u00f1os, vacunados con Sputnik, 92% tiene la primera dosis y 67% complet\u00f3 el esquema, con o sin combinaci\u00f3n. Lo importante es que los mendocinos opten por completar el esquema, antes que esperar por dosis<\/em>\u201d.\u00a0<\/span><\/p>\n<p><span style=\"color: #000000;\">La funcionaria tambi\u00e9n se\u00f1al\u00f3 que \u201c<em>para los adolescentes de 12 a 17 se han habilitado 10.000 turnos para la vacunaci\u00f3n con Moderna, de los cuales ya recibieron la primera dosis unos 7.000<\/em>\u201d.<\/span><\/p>\n<p><span style=\"color: #000000;\">Asimismo, la ministra record\u00f3 a <strong>quienes no hayan asistido a vacunarse hasta el momento con la primera dosis que pueden hacerlo sin turno previo<\/strong>. Deber\u00e1n concurrir a las sedes m\u00e1s cercanas al domicilio real y <strong>llevar el Documento Nacional de Identidad<\/strong> (DNI).<\/span><\/p>\n<p><span style=\"color: #000000;\">Los interesados pueden acercarse a cualquiera de los centros de vacunaci\u00f3n habilitados en todo el territorio provincial.<\/span><\/p>\n<h4 style=\"text-align: center;\"><span style=\"color: #000000;\"><strong>Sedes de vacunaci\u00f3n<\/strong><\/span><\/h4>\n<p><span style=\"color: #000000;\"><strong>Zona Sur<\/strong><\/span><\/p>\n<ul>\n<li><span style=\"color: #000000;\">San Rafael: Centro de Congresos y Exposiciones.<\/span><\/li>\n<li><span style=\"color: #000000;\"><strong>General Alvear: Hospital Enfermeros Argentinos.<\/strong><\/span><\/li>\n<li><span style=\"color: #000000;\">Malarg\u00fce: Vacunatorio Central Malarg\u00fce (hospital).<\/span><\/li>\n<\/ul>\n<p><span style=\"color: #000000;\"><strong>Zona Centro\u00a0<\/strong><\/span><\/p>\n<ul>\n<li><span style=\"color: #000000;\">Capital: Nave Cultural.<\/span><\/li>\n<li><span style=\"color: #000000;\">Las Heras: Polideportivo Polimeni.<\/span><\/li>\n<li><span style=\"color: #000000;\">Guaymall\u00e9n: Le Parc.<\/span><\/li>\n<li><span style=\"color: #000000;\">Godoy Cruz: Estaci\u00f3n Benegas.<\/span><\/li>\n<li><span style=\"color: #000000;\">Luj\u00e1n de Cuyo: consultorios externos.<\/span><\/li>\n<li><span style=\"color: #000000;\">Maip\u00fa: Polideportivo Juan Domingo Ribosqui.<\/span><\/li>\n<li><span style=\"color: #000000;\">Lavalle: Hospital Dr. Domingo Sicoli.<\/span><\/li>\n<\/ul>\n<p><span style=\"color: #000000;\"><strong>Zona Este<\/strong><\/span><\/p>\n<ul>\n<li><span style=\"color: #000000;\">San Mart\u00edn: Hospital Perrupato.<\/span><\/li>\n<li><span style=\"color: #000000;\">Jun\u00edn: CAPS 62.<\/span><\/li>\n<li><span style=\"color: #000000;\">Rivadavia: Centro de D\u00eda Municipal para Adultos Mayores Do\u00f1a Francisca Jahan.<\/span><\/li>\n<li><span style=\"color: #000000;\">Santa Rosa: Hospital Arenas Raffo.<\/span><\/li>\n<li><span style=\"color: #000000;\">La Paz: Hospital Arturo Illia.<\/span><\/li>\n<\/ul>\n<p><span style=\"color: #000000;\"><strong>Zona Valle de Uco<\/strong><\/span><\/p>\n<ul>\n<li><span style=\"color: #000000;\">Tupungato: Polideportivo Francisco Rizzo.<\/span><\/li>\n<li><span style=\"color: #000000;\">Tunuy\u00e1n: Hospital Scaravelli.<\/span><\/li>\n<li><span style=\"color: #000000;\">San Carlos: Hospital Tagarelli.<\/span><\/li>\n<\/ul>\n<h5><span style=\"color: #000000;\">\u2022F.B.<\/span><\/h5>\n","protected":false},"excerpt":{"rendered":"<p>El Ministerio de Salud, Desarrollo Social y Deportes contin\u00faa con el trabajo de fortalecer el operativo de vacunaci\u00f3n contra la COVID-19. &#8230;<\/p>\n","protected":false},"author":8,"featured_media":92237,"comment_status":"open","ping_status":"open","sticky":false,"template":"","format":"standard","meta":{"footnotes":""},"categories":[5,15],"tags":[],"class_list":["post-96531","post","type-post","status-publish","format-standard","has-post-thumbnail","hentry","category-actualidad","category-salud"],"_links":{"self":[{"href":"https:\/\/vinasfm.com\/noticias\/wp-json\/wp\/v2\/posts\/96531","targetHints":{"allow":["GET"]}}],"collection":[{"href":"https:\/\/vinasfm.com\/noticias\/wp-json\/wp\/v2\/posts"}],"about":[{"href":"https:\/\/vinasfm.com\/noticias\/wp-json\/wp\/v2\/types\/post"}],"author":[{"embeddable":true,"href":"https:\/\/vinasfm.com\/noticias\/wp-json\/wp\/v2\/users\/8"}],"replies":[{"embeddable":true,"href":"https:\/\/vinasfm.com\/noticias\/wp-json\/wp\/v2\/comments?post=96531"}],"version-history":[{"count":1,"href":"https:\/\/vinasfm.com\/noticias\/wp-json\/wp\/v2\/posts\/96531\/revisions"}],"predecessor-version":[{"id":96533,"href":"https:\/\/vinasfm.com\/noticias\/wp-json\/wp\/v2\/posts\/96531\/revisions\/96533"}],"wp:featuredmedia":[{"embeddable":true,"href":"https:\/\/vinasfm.com\/noticias\/wp-json\/wp\/v2\/media\/92237"}],"wp:attachment":[{"href":"https:\/\/vinasfm.com\/noticias\/wp-json\/wp\/v2\/media?parent=96531"}],"wp:term":[{"taxonomy":"category","embeddable":true,"href":"https:\/\/vinasfm.com\/noticias\/wp-json\/wp\/v2\/categories?post=96531"},{"taxonomy":"post_tag","embeddable":true,"href":"https:\/\/vinasfm.com\/noticias\/wp-json\/wp\/v2\/tags?post=96531"}],"curies":[{"name":"wp","href":"https:\/\/api.w.org\/{rel}","templated":true}]}}