{"id":96507,"date":"2021-08-31T12:30:39","date_gmt":"2021-08-31T15:30:39","guid":{"rendered":"http:\/\/vinasfm.com\/noticias\/?p=96507"},"modified":"2021-08-31T19:15:18","modified_gmt":"2021-08-31T22:15:18","slug":"trasladaron-a-la-carcel-de-san-rafael-al-sujeto-que-robo-un-vehiculo-en-lujan-de-cuyo","status":"publish","type":"post","link":"https:\/\/vinasfm.com\/noticias\/trasladaron-a-la-carcel-de-san-rafael-al-sujeto-que-robo-un-vehiculo-en-lujan-de-cuyo\/","title":{"rendered":"TRASLADARON A LA C\u00c1RCEL DE SAN RAFAEL AL SUJETO QUE ROB\u00d3 UN VEH\u00cdCULO EN LUJ\u00c1N DE CUYO"},"content":{"rendered":"<h4><strong><span style=\"color: #000000;\">El domingo pr\u00f3ximo pasado en horas de la ma\u00f1ana fue trasladado a la Penitenciar\u00eda de San Rafael uno de los dos detenidos por el robo de un auto en Luj\u00e1n de Cuyo, quien fue aprehendido en nuestro departamento el 24 de agosto.<\/span><\/strong><\/h4>\n<p><span style=\"color: #000000;\">Seg\u00fan confirmaron<strong> autoridades policiales a FM Vi\u00f1as,<\/strong> este <strong>domingo a las 09:45 hs trasladaron a San Rafael a uno de los sujetos que estaba en la Comisar\u00eda 14\u00b0 por ser acusado del robo de un veh\u00edculo<\/strong>. Su detenci\u00f3n fue posible gracias al trabajo de personal del <strong>Centro de C\u00e1maras de Seguridad<\/strong> quienes monitoreando el dispositivo ubicado en la <strong>esquina de calles Intendente Morales y Chapearrouge de Ciudad<\/strong> observaron un <strong>veh\u00edculo marca Honda Civic<\/strong> estacionado a escasos metros.<\/span><\/p>\n<p><span style=\"color: #000000;\">Verificando el dominio (<strong>JLD-909<\/strong>) y las caracter\u00edsticas del rodado comprobaron que el mismo <strong>hab\u00eda sido sustra\u00eddo el pasado 8 de agosto en el distrito Vistalba del departamento Luj\u00e1n de Cuyo<\/strong>.<\/span><\/p>\n<div id=\"attachment_96165\" style=\"width: 300px\" class=\"wp-caption alignright\"><a style=\"color: #000000;\" href=\"http:\/\/vinasfm.com\/noticias\/wp-content\/uploads\/2021\/08\/IMG-20210824-WA0050.jpg\"><img loading=\"lazy\" decoding=\"async\" aria-describedby=\"caption-attachment-96165\" class=\"wp-image-96165 size-medium\" src=\"http:\/\/vinasfm.com\/noticias\/wp-content\/uploads\/2021\/08\/IMG-20210824-WA0050-300x225.jpg\" alt=\"\" width=\"300\" height=\"225\" srcset=\"https:\/\/vinasfm.com\/noticias\/wp-content\/uploads\/2021\/08\/IMG-20210824-WA0050-300x225.jpg 300w, https:\/\/vinasfm.com\/noticias\/wp-content\/uploads\/2021\/08\/IMG-20210824-WA0050-1024x768.jpg 1024w, https:\/\/vinasfm.com\/noticias\/wp-content\/uploads\/2021\/08\/IMG-20210824-WA0050-768x576.jpg 768w, https:\/\/vinasfm.com\/noticias\/wp-content\/uploads\/2021\/08\/IMG-20210824-WA0050.jpg 1280w\" sizes=\"auto, (max-width: 300px) 100vw, 300px\" \/><\/a><p id=\"caption-attachment-96165\" class=\"wp-caption-text\"><span style=\"color: #000000;\">Veh\u00edculo secuestrado.<\/span><\/p><\/div>\n<p><span style=\"color: #000000;\">La <strong>denuncia<\/strong> de las v\u00edctimas fue<strong> radicada en la Unidad Fiscal N\u00b0 11<\/strong> y desde entonces el <strong>Ministerio de Seguridad<\/strong> emiti\u00f3 la alerta a todas las sedes policiales para colaborar en la b\u00fasqueda del autom\u00f3vil.<\/span><\/p>\n<p><span style=\"color: #000000;\">Bajo instrucci\u00f3n del Ayudante Fiscal en turno, los uniformados <strong>se movilizaron hasta el lugar<\/strong>\u00a0<strong>logrando aprehender al conductor identificado como <em>Mauricio Alexis Carrabre <\/em><\/strong>y a su<strong> acompa\u00f1ante <\/strong> <em><strong>Florencia Estefania Diaz Gonzalez, <\/strong><\/em>que\u00a0cuenta <strong>con medidas pendientes con la justicia desde 2016.\u00a0<\/strong><\/span><\/p>\n<p><span style=\"color: #000000;\">Del cotejo de los documentos acreditados por los sospechosos se comprob\u00f3 que <strong>poseen domicilio en la localidad neuquina de A\u00f1elo<\/strong> y <strong>aportan otro ubicado en calle Manuel A. S\u00e1ez, Alvear Oeste.<\/strong><\/span><\/p>\n<p><span style=\"color: #000000;\">Junto con el secuestro, ambos fueron trasladados a la <strong>Comisaria 14\u00b0<\/strong> donde\u00a0<strong>se encuentran en calidad de detenidos a disposici\u00f3n de la Justicia.<\/strong><\/span><\/p>\n<h5><span style=\"color: #000000;\">\u2022F.B. (F.M. Vi\u00f1as).<\/span><\/h5>\n","protected":false},"excerpt":{"rendered":"<p>El domingo pr\u00f3ximo pasado en horas de la ma\u00f1ana fue trasladado a la Penitenciar\u00eda de San Rafael uno de los dos &#8230;<\/p>\n","protected":false},"author":7,"featured_media":18692,"comment_status":"open","ping_status":"open","sticky":false,"template":"","format":"standard","meta":{"footnotes":""},"categories":[5,4],"tags":[],"class_list":["post-96507","post","type-post","status-publish","format-standard","has-post-thumbnail","hentry","category-actualidad","category-policiales"],"_links":{"self":[{"href":"https:\/\/vinasfm.com\/noticias\/wp-json\/wp\/v2\/posts\/96507","targetHints":{"allow":["GET"]}}],"collection":[{"href":"https:\/\/vinasfm.com\/noticias\/wp-json\/wp\/v2\/posts"}],"about":[{"href":"https:\/\/vinasfm.com\/noticias\/wp-json\/wp\/v2\/types\/post"}],"author":[{"embeddable":true,"href":"https:\/\/vinasfm.com\/noticias\/wp-json\/wp\/v2\/users\/7"}],"replies":[{"embeddable":true,"href":"https:\/\/vinasfm.com\/noticias\/wp-json\/wp\/v2\/comments?post=96507"}],"version-history":[{"count":7,"href":"https:\/\/vinasfm.com\/noticias\/wp-json\/wp\/v2\/posts\/96507\/revisions"}],"predecessor-version":[{"id":96514,"href":"https:\/\/vinasfm.com\/noticias\/wp-json\/wp\/v2\/posts\/96507\/revisions\/96514"}],"wp:featuredmedia":[{"embeddable":true,"href":"https:\/\/vinasfm.com\/noticias\/wp-json\/wp\/v2\/media\/18692"}],"wp:attachment":[{"href":"https:\/\/vinasfm.com\/noticias\/wp-json\/wp\/v2\/media?parent=96507"}],"wp:term":[{"taxonomy":"category","embeddable":true,"href":"https:\/\/vinasfm.com\/noticias\/wp-json\/wp\/v2\/categories?post=96507"},{"taxonomy":"post_tag","embeddable":true,"href":"https:\/\/vinasfm.com\/noticias\/wp-json\/wp\/v2\/tags?post=96507"}],"curies":[{"name":"wp","href":"https:\/\/api.w.org\/{rel}","templated":true}]}}