{"id":96457,"date":"2021-08-31T10:25:44","date_gmt":"2021-08-31T13:25:44","guid":{"rendered":"http:\/\/vinasfm.com\/noticias\/?p=96457"},"modified":"2021-08-31T18:27:55","modified_gmt":"2021-08-31T21:27:55","slug":"el-gobierno-de-mendoza-y-el-ipv-lanzaron-tres-programa-de-viviendas","status":"publish","type":"post","link":"https:\/\/vinasfm.com\/noticias\/el-gobierno-de-mendoza-y-el-ipv-lanzaron-tres-programa-de-viviendas\/","title":{"rendered":"EL GOBIERNO DE MENDOZA Y EL IPV LANZARON TRES PROGRAMA DE VIVIENDAS"},"content":{"rendered":"<h4><strong><span style=\"color: #000000;\">El IPV y el Intendente Lic. Walter Marcolini firmaron el 12 de agosto un convenio que habilita a la Direcci\u00f3n de Vivienda elaborar la demanda y necesidad de los alvearenses tener sus vivienda propia, el convenio presenta 3 programas en los que se podr\u00e1n inscribir.<\/span><\/strong><\/h4>\n<p><span style=\"color: #000000;\">En di\u00e1logo con <strong>F.M. VI\u00d1AS Fabi\u00e1n Gim\u00e9nez<\/strong>, Director de Viviendas, quien fue consultado al respecto de los programas lanzados por el IPV en nuestro departamento:\u00a0<em><strong>&#8216;El IPV largo 3 programas, el 1\u00b0 Construy\u00f3 mi casa, el 2\u00b0 IPV mi casa y el 3\u00b0 mejoro mi casa, los dos primeros los maneja directamente son para construir una vivienda aquellas personas que cuentan terreno y el 3\u00ba es para realizar ampliaciones o mejoras necesarias<\/strong><\/em>&#8216;, agreg\u00f3. <\/span><\/p>\n<p><span style=\"color: #000000;\"><em><strong>&#8216;Est\u00e1 destinado para clase media que posea un terreno, van pagando cuotas y a la cuota n\u00famero 36 se le entrega el monto y empiezan a construir y despu\u00e9s se prorrateo el costo de la obra en cuotas&#8217;<\/strong><\/em>, remarc\u00f3 al respecto a los programas &#8216;Construyo mi casa&#8217; e &#8216; IPV mi casa&#8217;. Para poder hacer la inscripci\u00f3n es necesario tener la escritura del lote, los planos de la vivienda, los servicios de luz y agua instalados y la habilitaci\u00f3n municipal para la construcci\u00f3n.<\/span><\/p>\n<p><span style=\"color: #000000;\"><em><strong>&#8216;El 3\u00ba programa consiste en ampliaciones las que pueden ser un ba\u00f1o adaptado es solo ampliaciones de acuerdo a la necesidad de la familia, va el equipo t\u00e9cnico y determina que tipo de ampliaci\u00f3n corresponde, no es una construcci\u00f3n desde cero son construcciones previas, son ampliaciones&#8217;<\/strong><\/em>, destac\u00f3 Fabi\u00e1n Gimenez, hay un l\u00edmite con metros cuadrados para construir y se puede financiar en cuotas de hasta 30 a\u00f1os siempre dependiendo de los montos y de los salarios.<\/span><\/p>\n<p><span style=\"color: #000000;\">En los programas que presenta el IPV como siempre se trata de llegar a quienes no han sido beneficiados:<strong><em> &#8216;siempre lo que prioriza el IPV es llegar aquellos lugares donde todav\u00eda no se ha llegado, siempre se va a tratar de llegar aquellas familias que no han accedido a ning\u00fan programa del IPV pero alguna excepci\u00f3n por discapacidad o hacinamiento grave se puede llevar a la evaluaci\u00f3n con los trabajadores sociales y t\u00e9cnicos y el equipo social del ipv de mendoza&#8217;,<\/em><\/strong> remarc\u00f3 Gim\u00e9nez. <strong><em>&#8216;El monto es de acuerdo a las ampliaciones que vayan a necesitar, el monto m\u00e1s grande que es un salon con cocina y ba\u00f1o es de aproximadamente de $2.5 millones, se hace el seguimiento y como siempre el IPV plantea ir devolviendo en cuotas hasta 30 a\u00f1os&#8217;<\/em><\/strong>, subray\u00f3.<\/span><\/p>\n<p><span style=\"color: #000000;\">Para mayor informaci\u00f3n pueden ingresar a la p\u00e1g del IPV que es, <a href=\"http:\/\/ipvmemdoza.gob.ar\">ipvmemdoza.gob.ar<\/a> cualquier duda pueden dirigirse a la Direcci\u00f3n de Vivienda que est\u00e1 arriba de la terminal o comunicarse al tel\u00e9fono <strong>2625663231<\/strong>, ah\u00ed se le va a brindar informaci\u00f3n de todos los programas.<\/span><\/p>\n<h5>\u2022C.F.<\/h5>\n","protected":false},"excerpt":{"rendered":"<p>El IPV y el Intendente Lic. Walter Marcolini firmaron el 12 de agosto un convenio que habilita a la Direcci\u00f3n de &#8230;<\/p>\n","protected":false},"author":7,"featured_media":95425,"comment_status":"open","ping_status":"open","sticky":false,"template":"","format":"standard","meta":{"footnotes":""},"categories":[5,10],"tags":[],"class_list":["post-96457","post","type-post","status-publish","format-standard","has-post-thumbnail","hentry","category-actualidad","category-destacadas"],"_links":{"self":[{"href":"https:\/\/vinasfm.com\/noticias\/wp-json\/wp\/v2\/posts\/96457","targetHints":{"allow":["GET"]}}],"collection":[{"href":"https:\/\/vinasfm.com\/noticias\/wp-json\/wp\/v2\/posts"}],"about":[{"href":"https:\/\/vinasfm.com\/noticias\/wp-json\/wp\/v2\/types\/post"}],"author":[{"embeddable":true,"href":"https:\/\/vinasfm.com\/noticias\/wp-json\/wp\/v2\/users\/7"}],"replies":[{"embeddable":true,"href":"https:\/\/vinasfm.com\/noticias\/wp-json\/wp\/v2\/comments?post=96457"}],"version-history":[{"count":6,"href":"https:\/\/vinasfm.com\/noticias\/wp-json\/wp\/v2\/posts\/96457\/revisions"}],"predecessor-version":[{"id":96586,"href":"https:\/\/vinasfm.com\/noticias\/wp-json\/wp\/v2\/posts\/96457\/revisions\/96586"}],"wp:featuredmedia":[{"embeddable":true,"href":"https:\/\/vinasfm.com\/noticias\/wp-json\/wp\/v2\/media\/95425"}],"wp:attachment":[{"href":"https:\/\/vinasfm.com\/noticias\/wp-json\/wp\/v2\/media?parent=96457"}],"wp:term":[{"taxonomy":"category","embeddable":true,"href":"https:\/\/vinasfm.com\/noticias\/wp-json\/wp\/v2\/categories?post=96457"},{"taxonomy":"post_tag","embeddable":true,"href":"https:\/\/vinasfm.com\/noticias\/wp-json\/wp\/v2\/tags?post=96457"}],"curies":[{"name":"wp","href":"https:\/\/api.w.org\/{rel}","templated":true}]}}