{"id":96220,"date":"2021-08-25T10:33:36","date_gmt":"2021-08-25T13:33:36","guid":{"rendered":"http:\/\/vinasfm.com\/noticias\/?p=96220"},"modified":"2021-08-25T18:36:37","modified_gmt":"2021-08-25T21:36:37","slug":"loser-fue-convocado-por-la-seleccion-nacional-de-voley-para-el-sudamericano-en-brasil","status":"publish","type":"post","link":"https:\/\/vinasfm.com\/noticias\/loser-fue-convocado-por-la-seleccion-nacional-de-voley-para-el-sudamericano-en-brasil\/","title":{"rendered":"LOSER FUE CONVOCADO POR LA SELECCI\u00d3N NACIONAL DE VOLEY PARA EL SUDAMERICANO EN BRASIL"},"content":{"rendered":"<h4 style=\"text-align: left;\"><strong><span style=\"color: #000000;\">Agust\u00edn Loser fue seleccionado por el entrenador por Marcelo M\u00e9ndez para representar al pa\u00eds en el Sudamericano de Voley que se disputar\u00e1 en Brasil y en el que Argentina jugar\u00e1 con varios cambios con respecto a los 12 atletas que ganaron el bronce en Tokio.<\/span><\/strong><\/h4>\n<p style=\"text-align: left;\"><span style=\"color: #000000;\">El <strong>alvearense Loser ya est\u00e1 en Buenos Aires prepar\u00e1ndose para el torneo Sudamericano de voley que comienza el mi\u00e9rcoles de la pr\u00f3xima semana<\/strong>. Debido a decisi\u00f3n del entrenador, <strong>tan solo habr\u00e1 5 de los 12 jugadores que representaron al pa\u00eds en los Juegos Ol\u00edmpicos<\/strong> y uno de ellos ser\u00e1 el oriundo de nuestro departamento.<\/span><\/p>\n<p style=\"text-align: left;\" align=\"justify\"><span style=\"color: #000000;\">El Sudamericano se disputar\u00e1 entre<strong> el 1 y el 5 de septiembre en Brasilia, Brasil, y Argentina ser\u00e1 parte del Grupo B junto a Colombia y Chile<\/strong>. El <strong>debut ser\u00e1 el pr\u00f3ximo mi\u00e9rcoles a las 16:30hs ante el equipo transandino y el cierre de zona el jueves a la misma hora ante Colombia.<\/strong><\/span><\/p>\n<p style=\"text-align: left;\" align=\"justify\"><span style=\"color: #000000;\">Los<strong> dos mejores de cada grupo avanzar\u00e1n a semifinales, donde se enfrentar\u00e1n 1\u00b0 vs 2\u00b0 de cada zona.<\/strong> Las<strong> semis se jugar\u00e1n el s\u00e1bado 4 a las 10 y 13hs, mientras el domingo 5 en los mismos horarios se jugar\u00e1 el tercer puesto y la final respectivamente<\/strong>. Los <strong>dos equipos finalistas conseguir\u00e1n los cupos continentales para el Campeonato del Mundo en Rusia.<\/strong><\/span><\/p>\n<h4><span style=\"color: #000000;\"><b>Esta es la lista de convocados<\/b><\/span><br \/>\n<span style=\"color: #000000;\">Armadores: Mat\u00edas S\u00e1nchez, Mat\u00edas Giraudo<\/span><br \/>\n<span style=\"color: #000000;\">Opuestos: Bruno Lima, Manuel Balagu\u00e9<\/span><br \/>\n<span style=\"color: #000000;\">Centrales: Mart\u00edn Ramos (C), Agust\u00edn Loser, Nicol\u00e1s Zerba y Joaqu\u00edn Gallego<\/span><br \/>\n<span style=\"color: #000000;\">Puntas: Ezequiel Palacios, Luciano Palonsky, Nicol\u00e1s Mendez, Jan Martinez y Nicol\u00e1s Lazo<\/span><br \/>\n<span style=\"color: #000000;\">L\u00edbero: Santiago Danani<\/span><\/h4>\n<h5><span style=\"color: #000000;\">\u2022<strong>Fuente: FEVA<\/strong><\/span><\/h5>\n","protected":false},"excerpt":{"rendered":"<p>Agust\u00edn Loser fue seleccionado por el entrenador por Marcelo M\u00e9ndez para representar al pa\u00eds en el Sudamericano de Voley que se &#8230;<\/p>\n","protected":false},"author":7,"featured_media":90100,"comment_status":"open","ping_status":"open","sticky":false,"template":"","format":"standard","meta":{"footnotes":""},"categories":[5,3],"tags":[],"class_list":["post-96220","post","type-post","status-publish","format-standard","has-post-thumbnail","hentry","category-actualidad","category-deportes"],"_links":{"self":[{"href":"https:\/\/vinasfm.com\/noticias\/wp-json\/wp\/v2\/posts\/96220","targetHints":{"allow":["GET"]}}],"collection":[{"href":"https:\/\/vinasfm.com\/noticias\/wp-json\/wp\/v2\/posts"}],"about":[{"href":"https:\/\/vinasfm.com\/noticias\/wp-json\/wp\/v2\/types\/post"}],"author":[{"embeddable":true,"href":"https:\/\/vinasfm.com\/noticias\/wp-json\/wp\/v2\/users\/7"}],"replies":[{"embeddable":true,"href":"https:\/\/vinasfm.com\/noticias\/wp-json\/wp\/v2\/comments?post=96220"}],"version-history":[{"count":3,"href":"https:\/\/vinasfm.com\/noticias\/wp-json\/wp\/v2\/posts\/96220\/revisions"}],"predecessor-version":[{"id":96229,"href":"https:\/\/vinasfm.com\/noticias\/wp-json\/wp\/v2\/posts\/96220\/revisions\/96229"}],"wp:featuredmedia":[{"embeddable":true,"href":"https:\/\/vinasfm.com\/noticias\/wp-json\/wp\/v2\/media\/90100"}],"wp:attachment":[{"href":"https:\/\/vinasfm.com\/noticias\/wp-json\/wp\/v2\/media?parent=96220"}],"wp:term":[{"taxonomy":"category","embeddable":true,"href":"https:\/\/vinasfm.com\/noticias\/wp-json\/wp\/v2\/categories?post=96220"},{"taxonomy":"post_tag","embeddable":true,"href":"https:\/\/vinasfm.com\/noticias\/wp-json\/wp\/v2\/tags?post=96220"}],"curies":[{"name":"wp","href":"https:\/\/api.w.org\/{rel}","templated":true}]}}