{"id":96182,"date":"2021-08-25T10:00:40","date_gmt":"2021-08-25T13:00:40","guid":{"rendered":"http:\/\/vinasfm.com\/noticias\/?p=96182"},"modified":"2021-08-25T18:57:13","modified_gmt":"2021-08-25T21:57:13","slug":"alvear-incluido-dentro-del-plan-provincial-de-demarcacion-de-rutas-y-caminos","status":"publish","type":"post","link":"https:\/\/vinasfm.com\/noticias\/alvear-incluido-dentro-del-plan-provincial-de-demarcacion-de-rutas-y-caminos\/","title":{"rendered":"ALVEAR INCLUIDO DENTRO DEL PLAN PROVINCIAL DE DEMARCACI\u00d3N DE RUTAS Y CAMINOS"},"content":{"rendered":"<h4><span style=\"color: #000000;\"><strong>Los trabajos se desarrollan en calles repavimentadas recientemente y en circuitos que ser\u00e1n optimizados con material microaglomerado. Las intervenciones comprenden la identificaci\u00f3n en el pavimento de cada localidad.<\/strong><\/span><\/h4>\n<p><span style=\"color: #000000;\">Desde hace dos semanas, la <strong>Direcci\u00f3n Provincial de Vialidad<\/strong> est\u00e1 desplegando una nueva etapa del <strong>plan de demarcaci\u00f3n de ejes productivos y tur\u00edsticos en los cuatro oasis de Mendoza<\/strong>, labor que incluye a los sectores donde se ubican escuelas, hospitales y centros de salud.<\/span><\/p>\n<p><span style=\"color: #000000;\">El trabajo <strong>est\u00e1 directamente relacionado con la seguridad vial de los miles de usuarios que transitan a diario por los ejes m\u00e1s importantes de cada departamento<\/strong>. Es posible a partir de la recuperaci\u00f3n de maquinaria especialmente dise\u00f1ada para tal fin y una inversi\u00f3n oficial de 35 millones de pesos aproximadamente.<\/span><\/p>\n<p><span style=\"color: #000000;\">En <strong>General Alvear<\/strong>, los trabajos se han iniciado a partir del sector donde se ubica la <strong>Escuela 136 Maximiliano Leiva<\/strong>, sobre calle 4, en el <strong>distrito El Juncalito<\/strong>, y continuar\u00e1n en las pr\u00f3ximas semanas en caminos que demandan nuevas intervenciones.<\/span><\/p>\n<p><span style=\"color: #000000;\">En<strong> San Mart\u00edn<\/strong> la tarea se ha enfocado en el carril Zapata, un eje esencial para la comunicaci\u00f3n Este-Oeste del departamento que fue repavimentado a fines de 2020 con el objetivo de optimizar la transitabilidad de los usuarios de los distritos Montecaseros, Chapanay y Tres Porte\u00f1as.<\/span><\/p>\n<p><span style=\"color: #000000;\">La nueva pintura tambi\u00e9n se ha aplicado en el sector m\u00e1s frecuentado del carril Montecaseros, vital para la comunicaci\u00f3n del centro departamental con el \u00e1rea Norte.<\/span><\/p>\n<p><span style=\"color: #000000;\">La misma tarea se desarroll\u00f3 sobre calle Roque S\u00e1enz Pe\u00f1a, en <strong>Luj\u00e1n de Cuyo<\/strong>, donde la entidad vial finaliz\u00f3 un reencarpetado de concreto asf\u00e1ltico en una extensi\u00f3n de 6,2 kil\u00f3metros.<\/span><\/p>\n<p><span style=\"color: #000000;\">En tanto, otro de los equipos abocados a la misma funci\u00f3n se encuentra en la Ruta Provincial 89 La Carrera, precisamente en el tramo que corresponde al distrito San Jos\u00e9, en <strong>Tupungato<\/strong>.<\/span><\/p>\n<p><span style=\"color: #000000;\">Eminentemente productiva y tur\u00edstica, la traza cuenta con nuevo pavimento desde el centro del distrito hasta el arroyo Anchayuyo, sector que marca el inicio de un recorrido de gran belleza en direcci\u00f3n a Potrerillos.<\/span><\/p>\n<p><span style=\"color: #000000;\">La misma labor se desarrolla en simult\u00e1neo en la Ruta Provincial 96, otro eje elemental dentro del esquema vial del <strong>Valle de Uco<\/strong>.<\/span><\/p>\n<h5>\u2022F.B.<\/h5>\n","protected":false},"excerpt":{"rendered":"<p>Los trabajos se desarrollan en calles repavimentadas recientemente y en circuitos que ser\u00e1n optimizados con material microaglomerado. Las intervenciones comprenden la &#8230;<\/p>\n","protected":false},"author":8,"featured_media":96184,"comment_status":"open","ping_status":"open","sticky":false,"template":"","format":"standard","meta":{"footnotes":""},"categories":[5,79],"tags":[],"class_list":["post-96182","post","type-post","status-publish","format-standard","has-post-thumbnail","hentry","category-actualidad","category-vialidad"],"_links":{"self":[{"href":"https:\/\/vinasfm.com\/noticias\/wp-json\/wp\/v2\/posts\/96182","targetHints":{"allow":["GET"]}}],"collection":[{"href":"https:\/\/vinasfm.com\/noticias\/wp-json\/wp\/v2\/posts"}],"about":[{"href":"https:\/\/vinasfm.com\/noticias\/wp-json\/wp\/v2\/types\/post"}],"author":[{"embeddable":true,"href":"https:\/\/vinasfm.com\/noticias\/wp-json\/wp\/v2\/users\/8"}],"replies":[{"embeddable":true,"href":"https:\/\/vinasfm.com\/noticias\/wp-json\/wp\/v2\/comments?post=96182"}],"version-history":[{"count":1,"href":"https:\/\/vinasfm.com\/noticias\/wp-json\/wp\/v2\/posts\/96182\/revisions"}],"predecessor-version":[{"id":96185,"href":"https:\/\/vinasfm.com\/noticias\/wp-json\/wp\/v2\/posts\/96182\/revisions\/96185"}],"wp:featuredmedia":[{"embeddable":true,"href":"https:\/\/vinasfm.com\/noticias\/wp-json\/wp\/v2\/media\/96184"}],"wp:attachment":[{"href":"https:\/\/vinasfm.com\/noticias\/wp-json\/wp\/v2\/media?parent=96182"}],"wp:term":[{"taxonomy":"category","embeddable":true,"href":"https:\/\/vinasfm.com\/noticias\/wp-json\/wp\/v2\/categories?post=96182"},{"taxonomy":"post_tag","embeddable":true,"href":"https:\/\/vinasfm.com\/noticias\/wp-json\/wp\/v2\/tags?post=96182"}],"curies":[{"name":"wp","href":"https:\/\/api.w.org\/{rel}","templated":true}]}}