{"id":96179,"date":"2021-08-25T10:33:55","date_gmt":"2021-08-25T13:33:55","guid":{"rendered":"http:\/\/vinasfm.com\/noticias\/?p=96179"},"modified":"2021-08-25T18:36:31","modified_gmt":"2021-08-25T21:36:31","slug":"comienza-el-puntapie-inicial-de-la-40o-fiesta-nacional-de-la-ganaderia","status":"publish","type":"post","link":"https:\/\/vinasfm.com\/noticias\/comienza-el-puntapie-inicial-de-la-40o-fiesta-nacional-de-la-ganaderia\/","title":{"rendered":"COMIENZA EL PUNTAPI\u00c9 INICIAL DE LA 40\u00ba FIESTA NACIONAL DE LA GANADERIA"},"content":{"rendered":"<h4><span style=\"color: #000000;\"><strong>La tradicional Fiesta Nacional de la Ganader\u00eda se realizar\u00e1 este a\u00f1o por lo que se empez\u00f3 a planificar teniendo en cuenta la situaci\u00f3n actual y algunos cambios. El tradicional D\u00eda de Campo ser\u00e1 el pr\u00f3ximo 4 de septiembre en las instalaciones del predio ferial en Ruta 188 y Calle 7.<\/strong><\/span><\/h4>\n<p><span style=\"color: #000000;\">En di\u00e1logo con <strong>F.M VI\u00d1AS<\/strong>, el <strong>Presidente de la Espec\u00edfica de Ganader\u00eda Ramiro Labay <\/strong>explic\u00f3: &#8216;<strong><em>Ya esta todo en marchar ya no queda nada, ultimando los \u00faltimos detalles para esperarlos ah\u00ed el 4 de septiembre con nuevo modalidad, nuevo lugar y tratando de hacer una jornada bastante acorde lo que era ante era ex el d\u00eda de campo&#8217;,<\/em><\/strong> se\u00f1al\u00f3. Este a\u00f1o se traslada a las instalaciones del predio ferial a diferencia de otros a\u00f1os que se realizaba en alg\u00fan campo del departamento,<strong><em> &#8216;todo se realizar\u00e1 en el predio ferial, van haber entradas reducidas por protocolo hasta 250 personas, la prensa y entradas generales que ya est\u00e1n a la venta as\u00ed que ya esta todo en marcha<\/em><\/strong>&#8216;, afirm\u00f3.<\/span><\/p>\n<p><span style=\"color: #000000;\">&#8216;<strong><em>Vamos a tener otra metodolog\u00eda, en el d\u00eda de campo tradicionalmente se hac\u00edan m\u00e1s pialadas, capadas que habitualmente se hacen en el campo, son los trabajos de mangas que son las labores cotidianas que uno hace en el campo y va aplicando tecnolog\u00eda sencilla que mejoran la productividad de los rodeos<\/em><\/strong>&#8216;, aclar\u00f3 Ramiro Labay.<\/span><\/p>\n<p><span style=\"color: #000000;\">El a\u00f1o pasado no se pudo realizar por la pandemia y la situaci\u00f3n establecida, este a\u00f1o si se har\u00e1, &#8216;<em><b>nos fuimos reestructurando y no lo quisimos perder as\u00ed que ha sido un desafi\u00f3 planearlo, cranearlo en pandemia porque medio que vas organizando en el aire porque no sabes a que lugar te van a llevar los protocolos pero estamos dando el puntapi\u00e9 inicial<\/b><\/em>&#8216;, destac\u00f3 al respecto del d\u00eda de campo. &#8216;<strong><em>H<\/em><em>ay entradas a la venta para 200 personas y despu\u00e9s m\u00e1s la prensa invitado y otras invitaciones especiales en total de 250, la idea es hacerlo en el parque si llegamos a tener alguna inclemencia clim\u00e1tica debemos trasladarnos al sal\u00f3n Fernandez y ah\u00ed el aforo es solamente 250 personas as\u00ed que estamos previendo eso<\/em><\/strong>&#8216;, subray\u00f3.<\/span><\/p>\n<p><span style=\"color: #000000;\"><em>NOTA EN DESARROLLO.<\/em><\/span><\/p>\n<p>&nbsp;<\/p>\n<p>&nbsp;<\/p>\n<p>&nbsp;<\/p>\n<p>&nbsp;<\/p>\n<p>&nbsp;<\/p>\n","protected":false},"excerpt":{"rendered":"<p>La tradicional Fiesta Nacional de la Ganader\u00eda se realizar\u00e1 este a\u00f1o por lo que se empez\u00f3 a planificar teniendo en cuenta &#8230;<\/p>\n","protected":false},"author":7,"featured_media":33488,"comment_status":"open","ping_status":"open","sticky":false,"template":"","format":"standard","meta":{"footnotes":""},"categories":[5,24],"tags":[],"class_list":["post-96179","post","type-post","status-publish","format-standard","has-post-thumbnail","hentry","category-actualidad","category-ganaderia"],"_links":{"self":[{"href":"https:\/\/vinasfm.com\/noticias\/wp-json\/wp\/v2\/posts\/96179","targetHints":{"allow":["GET"]}}],"collection":[{"href":"https:\/\/vinasfm.com\/noticias\/wp-json\/wp\/v2\/posts"}],"about":[{"href":"https:\/\/vinasfm.com\/noticias\/wp-json\/wp\/v2\/types\/post"}],"author":[{"embeddable":true,"href":"https:\/\/vinasfm.com\/noticias\/wp-json\/wp\/v2\/users\/7"}],"replies":[{"embeddable":true,"href":"https:\/\/vinasfm.com\/noticias\/wp-json\/wp\/v2\/comments?post=96179"}],"version-history":[{"count":8,"href":"https:\/\/vinasfm.com\/noticias\/wp-json\/wp\/v2\/posts\/96179\/revisions"}],"predecessor-version":[{"id":96225,"href":"https:\/\/vinasfm.com\/noticias\/wp-json\/wp\/v2\/posts\/96179\/revisions\/96225"}],"wp:featuredmedia":[{"embeddable":true,"href":"https:\/\/vinasfm.com\/noticias\/wp-json\/wp\/v2\/media\/33488"}],"wp:attachment":[{"href":"https:\/\/vinasfm.com\/noticias\/wp-json\/wp\/v2\/media?parent=96179"}],"wp:term":[{"taxonomy":"category","embeddable":true,"href":"https:\/\/vinasfm.com\/noticias\/wp-json\/wp\/v2\/categories?post=96179"},{"taxonomy":"post_tag","embeddable":true,"href":"https:\/\/vinasfm.com\/noticias\/wp-json\/wp\/v2\/tags?post=96179"}],"curies":[{"name":"wp","href":"https:\/\/api.w.org\/{rel}","templated":true}]}}