{"id":96129,"date":"2021-08-25T09:00:06","date_gmt":"2021-08-25T12:00:06","guid":{"rendered":"http:\/\/vinasfm.com\/noticias\/?p=96129"},"modified":"2021-08-25T18:48:33","modified_gmt":"2021-08-25T21:48:33","slug":"jero-colla-el-deporte-alvearense-vive-un-momento-de-esplendor","status":"publish","type":"post","link":"https:\/\/vinasfm.com\/noticias\/jero-colla-el-deporte-alvearense-vive-un-momento-de-esplendor\/","title":{"rendered":"JERO COLLA: &#8216;EL DEPORTE ALVEARENSE VIVE UN MOMENTO DE ESPLENDOR&#8217;"},"content":{"rendered":"<h4><span style=\"color: #000000;\"><strong>El Director de Deportes Jer\u00f3nimo Colla opin\u00f3 sobre el crecimiento de la actividad deportiva en Alvear y agradeci\u00f3 a todos los implicados en los procesos formativos que son responsables de este progreso, representado principalmente en los exponentes a nivel nacional e internacional.<\/strong><\/span><\/h4>\n<p><span style=\"color: #000000;\">En di\u00e1logo con <strong>Puntos de Vista, de F.M. Vi\u00f1as, el Director de Deportes Jer\u00f3nimo Colla<\/strong> se refiri\u00f3 a la promoci\u00f3n de la actividad e inst\u00f3 a los dirigentes a comprometerse: <em><strong>\u00abEl desarrollo de los clubes es lo que necesita General Alvear, la importancia de que salgan del f\u00fatbol, para llegar a otras disciplinas y tomar el rol social de incluir a la familia. Eso le va a facilitar la tarea al dirigente que se anima a ponerse al frente\u00bb<\/strong><\/em>. <\/span><\/p>\n<p><span style=\"color: #000000;\">Asimismo, afirm\u00f3 que es un momento propicio para potenciar el deporte. <em><strong>\u00abEstamos en una transici\u00f3n neta de crecimiento, en un esplendor que vive el departamento en la medida de que cada uno de lo mejor desde su lugar\u00bb<\/strong><\/em>. Por esa raz\u00f3n, asegur\u00f3: <em><strong>\u00abHay que apostar al desarrollo, darle oportunidades a todos los chicos y que, si en alg\u00fan momento deciden dedicarse al deporte de manera profesional, que hayan tenido las herramientas para poder llegar\u00bb.<\/strong><\/em><\/span><\/p>\n<p><span style=\"color: #000000;\">Y hablando de profesionalismo, reconoci\u00f3 que en los grandes exponentes alvearenses a nivel nacional, est\u00e1 reflejado un gran trabajo de base. <em><strong>\u00abNo es casualidad que Agust\u00edn (Loser) llegue por el proceso de una escuela de una Liga Municipal. Eso es por entrenadores que est\u00e1n a la altura de un club federado que compite todos los fines de semana y de un torneo, que tiene su techo, pero se mantiene en el tiempo\u00bb<\/strong><\/em>, expres\u00f3 el profesor.<\/span><\/p>\n<p><span style=\"color: #000000;\">Con<strong> la posibilidad de espejos en los cuales proyectarse como son hoy en d\u00eda Loser, G\u00e9nesis Toledano, Julieta Cruz, \u00c1ngelo Zancan,<\/strong> entre otros grandes referentes el deporte de nuestro departamento, el funcionario asegur\u00f3: <em><strong>\u00abEsto depende de los alvearenses\u00bb.<\/strong><\/em><\/span><\/p>\n<h5><span style=\"color: #000000;\">\u2022<strong>L.A.<\/strong><\/span><\/h5>\n","protected":false},"excerpt":{"rendered":"<p>El Director de Deportes Jer\u00f3nimo Colla opin\u00f3 sobre el crecimiento de la actividad deportiva en Alvear y agradeci\u00f3 a todos los &#8230;<\/p>\n","protected":false},"author":7,"featured_media":63233,"comment_status":"open","ping_status":"open","sticky":false,"template":"","format":"standard","meta":{"footnotes":""},"categories":[5,3],"tags":[],"class_list":["post-96129","post","type-post","status-publish","format-standard","has-post-thumbnail","hentry","category-actualidad","category-deportes"],"_links":{"self":[{"href":"https:\/\/vinasfm.com\/noticias\/wp-json\/wp\/v2\/posts\/96129","targetHints":{"allow":["GET"]}}],"collection":[{"href":"https:\/\/vinasfm.com\/noticias\/wp-json\/wp\/v2\/posts"}],"about":[{"href":"https:\/\/vinasfm.com\/noticias\/wp-json\/wp\/v2\/types\/post"}],"author":[{"embeddable":true,"href":"https:\/\/vinasfm.com\/noticias\/wp-json\/wp\/v2\/users\/7"}],"replies":[{"embeddable":true,"href":"https:\/\/vinasfm.com\/noticias\/wp-json\/wp\/v2\/comments?post=96129"}],"version-history":[{"count":3,"href":"https:\/\/vinasfm.com\/noticias\/wp-json\/wp\/v2\/posts\/96129\/revisions"}],"predecessor-version":[{"id":96145,"href":"https:\/\/vinasfm.com\/noticias\/wp-json\/wp\/v2\/posts\/96129\/revisions\/96145"}],"wp:featuredmedia":[{"embeddable":true,"href":"https:\/\/vinasfm.com\/noticias\/wp-json\/wp\/v2\/media\/63233"}],"wp:attachment":[{"href":"https:\/\/vinasfm.com\/noticias\/wp-json\/wp\/v2\/media?parent=96129"}],"wp:term":[{"taxonomy":"category","embeddable":true,"href":"https:\/\/vinasfm.com\/noticias\/wp-json\/wp\/v2\/categories?post=96129"},{"taxonomy":"post_tag","embeddable":true,"href":"https:\/\/vinasfm.com\/noticias\/wp-json\/wp\/v2\/tags?post=96129"}],"curies":[{"name":"wp","href":"https:\/\/api.w.org\/{rel}","templated":true}]}}