{"id":95992,"date":"2021-08-23T08:30:29","date_gmt":"2021-08-23T11:30:29","guid":{"rendered":"http:\/\/vinasfm.com\/noticias\/?p=95992"},"modified":"2021-08-23T21:18:13","modified_gmt":"2021-08-24T00:18:13","slug":"el-director-de-la-escuela-gauchos-de-guemes-reclamo-la-falta-del-comedor-escolar-y-jornada-extendida","status":"publish","type":"post","link":"https:\/\/vinasfm.com\/noticias\/el-director-de-la-escuela-gauchos-de-guemes-reclamo-la-falta-del-comedor-escolar-y-jornada-extendida\/","title":{"rendered":"EL DIRECTOR DE LA ESC. &#8216;GAUCHOS DE G\u00dcEMES&#8217; RECLAM\u00d3 LA FALTA DEL COMEDOR ESCOLAR Y PIDI\u00d3 POR LA JORNADA EXTENDIDA"},"content":{"rendered":"<h4><span style=\"color: #000000;\"><strong><span style=\"color: #000000;\">Desde Direcci\u00f3n General de Escuela se estableci\u00f3 que esta semana retornara la presencialidad absoluta en los distintos niveles y modalidades educativas pero en diferentes zonas del departamento ya hab\u00edan comenzado. Una de las escuelas urbano marginales se pide la vuelta de la jornada extendida y de los comedores en los establecimientos escolares.<\/span><\/strong><\/span><\/h4>\n<p><span style=\"color: #000000;\">En di\u00e1logo con<em><strong> F.M. VI\u00d1AS, <\/strong><\/em>el <strong>Director de la Escuela Gauchos de G\u00fcemes <\/strong><strong>Mario Cincunegui <\/strong><span style=\"color: #000000;\">explic\u00f3 c\u00f3mo se desarrollan las actividades educativas en ese establecimiento: <\/span><strong><em>&#8216;Nosotros empezamos a partir del primero de agosto, estamos muy bien tenemos 50 alumnos todos los todos los d\u00edas ac\u00e1 en la escuela, la matr\u00edcula es de 72 hay faltas por cuestiones de salud , alg\u00fan resfriado, pero si no tenemos casi el 100%&#8217;<\/em><\/strong>, se\u00f1al\u00f3.<\/span><\/p>\n<p><span style=\"color: #000000;\">Las escuelas de zonas rurales cuentan en su mayor\u00eda con jornada extendida y el acompa\u00f1amiento a los chicos: <strong><em>&#8216;Nosotros fuimos una de las escuelas que comenzamos tambi\u00e9n la presencialidad fines de a\u00f1o, fuimos una de las 3 o 4 escuela de la Secci\u00f3n 36 que comenz\u00f3 la presencialidad y los ni\u00f1os asistieron fortalecimos la trayectoria escolar con s\u00e9ptimo en esa ocasi\u00f3n y los ni\u00f1os estaban esperando a volver porque un a\u00f1o y medio de pandemia y de forma virtual, la verdad tremendo para los ni\u00f1os necesitan correr jugar con sus compa\u00f1eros, aprender con sus compa\u00f1eros&#8217;<\/em><\/strong>, subray\u00f3.<\/span><\/p>\n<p><span style=\"color: #000000;\">La escuela siempre ha contado con jornada extendida donde se refuerzan los aprendizajes y realizan diferentes actividades y el comedor es fundamental en la zona, el que hoy no se est\u00e1 brindando si un bols\u00f3n de mercader\u00eda pero desde la direcci\u00f3n y los padres est\u00e1n preocupados por la situaci\u00f3n. <em><strong>&#8216;Los padres nos est\u00e1n preguntando por el comedor y nosotros no tenemos respuesta de porque no recibe, nos llegaron los bolsones ayer de mercader\u00edas y aparentemente continuar\u00e1n los bolsones el mes que viene tambi\u00e9n&#8217;<\/strong><\/em>, remarc\u00f3. <em><strong>&#8216;Una comida caliente en la escuela har\u00eda bien y porque los bolsones tienen v\u00edveres secos y tenemos el comedor funciona muy bien, tenemos todos los elementos para la comida, tenemos el celador cocinero y cu\u00e1ndo sale el comedor tambi\u00e9n viene carne entonces la carne a trav\u00e9s de las prote\u00ednas y es muy importante para la alimentaci\u00f3n completa de los ni\u00f1os&#8217;,<\/strong><\/em> indic\u00f3 Cincunegui.<\/span><\/p>\n<p><span style=\"color: #000000;\"><em><strong>&#8216;El a\u00f1o y medio de pandemia hizo mucho da\u00f1o porque no es lo mismo la ense\u00f1anza virtual a la ense\u00f1anza con el docente es fundamental y el pap\u00e1 no est\u00e1 preparado para la cuesti\u00f3n pedag\u00f3gica para ense\u00f1arle a los ni\u00f1os a sus hijos, tambi\u00e9n tenemos padres analfabetos as\u00ed que es fundamental la jornada extendida para mejorar los aprendizajes&#8217;<\/strong><\/em>, destac\u00f3 sobre la importancia de la jornada extendida. Donde se refuerza lo aprendido, se cuenta con horas art\u00edsticas, teatro, pl\u00e1stica, granja y huerta, la escuela para los chicos de la zona es un lugar de aprendizaje y recreaci\u00f3n.<\/span><\/p>\n<h5><span style=\"color: #000000;\">\u2022C.F.<\/span><\/h5>\n","protected":false},"excerpt":{"rendered":"<p>Desde Direcci\u00f3n General de Escuela se estableci\u00f3 que esta semana retornara la presencialidad absoluta en los distintos niveles y modalidades educativas &#8230;<\/p>\n","protected":false},"author":7,"featured_media":87171,"comment_status":"open","ping_status":"open","sticky":false,"template":"","format":"standard","meta":{"footnotes":""},"categories":[5,18],"tags":[],"class_list":["post-95992","post","type-post","status-publish","format-standard","has-post-thumbnail","hentry","category-actualidad","category-educacion"],"_links":{"self":[{"href":"https:\/\/vinasfm.com\/noticias\/wp-json\/wp\/v2\/posts\/95992","targetHints":{"allow":["GET"]}}],"collection":[{"href":"https:\/\/vinasfm.com\/noticias\/wp-json\/wp\/v2\/posts"}],"about":[{"href":"https:\/\/vinasfm.com\/noticias\/wp-json\/wp\/v2\/types\/post"}],"author":[{"embeddable":true,"href":"https:\/\/vinasfm.com\/noticias\/wp-json\/wp\/v2\/users\/7"}],"replies":[{"embeddable":true,"href":"https:\/\/vinasfm.com\/noticias\/wp-json\/wp\/v2\/comments?post=95992"}],"version-history":[{"count":10,"href":"https:\/\/vinasfm.com\/noticias\/wp-json\/wp\/v2\/posts\/95992\/revisions"}],"predecessor-version":[{"id":96090,"href":"https:\/\/vinasfm.com\/noticias\/wp-json\/wp\/v2\/posts\/95992\/revisions\/96090"}],"wp:featuredmedia":[{"embeddable":true,"href":"https:\/\/vinasfm.com\/noticias\/wp-json\/wp\/v2\/media\/87171"}],"wp:attachment":[{"href":"https:\/\/vinasfm.com\/noticias\/wp-json\/wp\/v2\/media?parent=95992"}],"wp:term":[{"taxonomy":"category","embeddable":true,"href":"https:\/\/vinasfm.com\/noticias\/wp-json\/wp\/v2\/categories?post=95992"},{"taxonomy":"post_tag","embeddable":true,"href":"https:\/\/vinasfm.com\/noticias\/wp-json\/wp\/v2\/tags?post=95992"}],"curies":[{"name":"wp","href":"https:\/\/api.w.org\/{rel}","templated":true}]}}