{"id":95936,"date":"2021-08-21T23:59:36","date_gmt":"2021-08-22T02:59:36","guid":{"rendered":"http:\/\/vinasfm.com\/noticias\/?p=95936"},"modified":"2021-08-23T08:56:46","modified_gmt":"2021-08-23T11:56:46","slug":"joven-fue-agredido-por-el-padre-y-los-hermanos-de-su-novia","status":"publish","type":"post","link":"https:\/\/vinasfm.com\/noticias\/joven-fue-agredido-por-el-padre-y-los-hermanos-de-su-novia\/","title":{"rendered":"JOVEN FUE AGREDIDO POR EL PADRE Y LOS HERMANOS DE SU NOVIA"},"content":{"rendered":"<h4><span style=\"color: #000000;\"><strong>Un chico de 18 a\u00f1os que estaba visitando a su novia, de 17, termin\u00f3 lesionado tras ser agredido por el padre y los hermanos de la menor.<\/strong><\/span><\/h4>\n<p><span style=\"color: #000000;\">Este <strong>viernes por la tarde<\/strong>, un <strong>joven de 18 a\u00f1os estaba visitando a su novia de 17<\/strong> en una vivienda ubicada en <strong>calle 7 y G<\/strong>. A las<strong> 18 hs aproximadamente lleg\u00f3 el padre de la chica con los hermanos<\/strong>.<\/span><\/p>\n<p><span style=\"color: #000000;\">Por causas que se desconocen, <strong>c<\/strong><strong>omenzaron a agredirlo con patadas, golpes de pu\u00f1o y con un palo\u00a0<\/strong>ocasionando\u00a0que la v\u00edctima sufriera <strong>fractura del antebrazo izquierdo<\/strong>. Por esta raz\u00f3n,<strong> los agresores est\u00e1n detenidos a disposici\u00f3n de la Justicia<\/strong>.<\/span><\/p>\n<h5><span style=\"color: #000000;\">\u2022L.A.\u00a0<\/span><\/h5>\n","protected":false},"excerpt":{"rendered":"<p>Un chico de 18 a\u00f1os que estaba visitando a su novia, de 17, termin\u00f3 lesionado tras ser agredido por el padre &#8230;<\/p>\n","protected":false},"author":7,"featured_media":63435,"comment_status":"open","ping_status":"open","sticky":false,"template":"","format":"standard","meta":{"footnotes":""},"categories":[5,4],"tags":[],"class_list":["post-95936","post","type-post","status-publish","format-standard","has-post-thumbnail","hentry","category-actualidad","category-policiales"],"_links":{"self":[{"href":"https:\/\/vinasfm.com\/noticias\/wp-json\/wp\/v2\/posts\/95936","targetHints":{"allow":["GET"]}}],"collection":[{"href":"https:\/\/vinasfm.com\/noticias\/wp-json\/wp\/v2\/posts"}],"about":[{"href":"https:\/\/vinasfm.com\/noticias\/wp-json\/wp\/v2\/types\/post"}],"author":[{"embeddable":true,"href":"https:\/\/vinasfm.com\/noticias\/wp-json\/wp\/v2\/users\/7"}],"replies":[{"embeddable":true,"href":"https:\/\/vinasfm.com\/noticias\/wp-json\/wp\/v2\/comments?post=95936"}],"version-history":[{"count":7,"href":"https:\/\/vinasfm.com\/noticias\/wp-json\/wp\/v2\/posts\/95936\/revisions"}],"predecessor-version":[{"id":95945,"href":"https:\/\/vinasfm.com\/noticias\/wp-json\/wp\/v2\/posts\/95936\/revisions\/95945"}],"wp:featuredmedia":[{"embeddable":true,"href":"https:\/\/vinasfm.com\/noticias\/wp-json\/wp\/v2\/media\/63435"}],"wp:attachment":[{"href":"https:\/\/vinasfm.com\/noticias\/wp-json\/wp\/v2\/media?parent=95936"}],"wp:term":[{"taxonomy":"category","embeddable":true,"href":"https:\/\/vinasfm.com\/noticias\/wp-json\/wp\/v2\/categories?post=95936"},{"taxonomy":"post_tag","embeddable":true,"href":"https:\/\/vinasfm.com\/noticias\/wp-json\/wp\/v2\/tags?post=95936"}],"curies":[{"name":"wp","href":"https:\/\/api.w.org\/{rel}","templated":true}]}}