{"id":95759,"date":"2021-08-19T23:59:01","date_gmt":"2021-08-20T02:59:01","guid":{"rendered":"http:\/\/vinasfm.com\/noticias\/?p=95759"},"modified":"2021-08-20T21:03:20","modified_gmt":"2021-08-21T00:03:20","slug":"presentaron-oficialmente-la-40-edicion-de-la-fiesta-nacional-de-la-ganaderia","status":"publish","type":"post","link":"https:\/\/vinasfm.com\/noticias\/presentaron-oficialmente-la-40-edicion-de-la-fiesta-nacional-de-la-ganaderia\/","title":{"rendered":"PRESENTARON OFICIALMENTE LA 40\u00b0 EDICI\u00d3N DE LA FIESTA NACIONAL DE LA GANADER\u00cdA"},"content":{"rendered":"<h4><strong><span style=\"color: #000000;\">El presidente de la C\u00e1mara de Comercio Andr\u00e9s Vavrik, junto a Carlos Porta y Ramiro Labay, anticiparon detalles de la fiesta m\u00e1s importante de la ganader\u00eda de zonas \u00e1ridas que se llevar\u00e1 a cabo del 6 al 10 de octubre y tendr\u00e1 su lanzamiento el s\u00e1bado 4 de septiembre.<\/span><\/strong><\/h4>\n<p><span style=\"color: #000000;\">Despu\u00e9s de una edici\u00f3n sin actividades presenciales en 2020, la Fiesta Nacional de la Ganader\u00eda volver\u00e1 a realizarse en el predio ferial. As\u00ed lo coment\u00f3<strong> Andr\u00e9s Vavrik<\/strong>: <em><strong>\u00abEstamos muy contentos con la edici\u00f3n n\u00famero 40 de la fiesta m\u00e1s grande del Oeste argentino despu\u00e9s de la Fiesta de la Vendimia. Este a\u00f1o va a ser posible la realizaci\u00f3n, con algunas modificaciones pero que va a tener presencialidad\u00bb.<\/strong><\/em><\/span><\/p>\n<p><span style=\"color: #000000;\">Con respecto al trabajo para la organizaci\u00f3n, resalt\u00f3: <em><strong>\u00abAlgo que quiero destacar es que hemos tenido buena predisposici\u00f3n de autoridades para realizar este evento, con una cuesti\u00f3n que ha caracterizado a Mendoza en la pandemia de buscar, con ingenio, que las actividades se hagan\u00bb<\/strong><\/em>. De esta manera, en conjunto con el Municipio, personal de salud y gente de turismo, est\u00e1 todo programado para llevar a cabo una nueva edici\u00f3n de esta celebraci\u00f3n tradicional.<\/span><\/p>\n<p><span style=\"color: #000000;\">En cuanto al lanzamiento del evento, <em><strong>Carlos Porta manifest\u00f3: \u00abLo que antes era el D\u00eda de Campo lo vamos a realizar en el predio, donde tenemos armados nuestros protocolos y hemos decidido traer la actividad como un lanzamiento\u00bb<\/strong><\/em>. Adem\u00e1s, el<strong> Presidente de la Espec\u00edfica de Industria aclar\u00f3<\/strong><em><strong>: \u00abVa a tener las mismas actividades, con inicio a las 9 AM, con pasteleada, actividades de Ganader\u00eda y despu\u00e9s cerrando el d\u00eda con el almuerzo habitual\u00bb.<\/strong><\/em> Para este encuentro que se extender\u00e1 hasta las 18 hs hay habilitadas <strong>200 entradas a un precio de $3500.<\/strong><\/span><\/p>\n<p><span style=\"color: #000000;\">Por su parte, <strong>el Vicepresidente 1\u00b0 Ramiro Labay<\/strong>, apunt\u00f3: <em><strong>\u00abEl 4 de septiembre vamos a realizar lo que hemos denominado un reencuentro para recordar otros momentos. Vamos a enfocarlo en las actividades del campo, en los corrales, en mangas, c\u00f3mo se vacuna y c\u00f3mo se hace la sanidad del animal\u00bb<\/strong><\/em>. Con expectativa por esta nueva modalidad, est\u00e1 todo preparado para el lanzamiento y la realizaci\u00f3n de la 40\u00b0 Fiesta Nacional de la Ganader\u00eda.<\/span><\/p>\n<h5><span style=\"color: #000000;\">\u2022<strong>L.A.<\/strong><\/span><\/h5>\n","protected":false},"excerpt":{"rendered":"<p>El presidente de la C\u00e1mara de Comercio Andr\u00e9s Vavrik, junto a Carlos Porta y Ramiro Labay, anticiparon detalles de la fiesta &#8230;<\/p>\n","protected":false},"author":7,"featured_media":95775,"comment_status":"open","ping_status":"open","sticky":false,"template":"","format":"standard","meta":{"footnotes":""},"categories":[5,28],"tags":[],"class_list":["post-95759","post","type-post","status-publish","format-standard","has-post-thumbnail","hentry","category-actualidad","category-fiesta-nacional-de-la-ganaderia"],"_links":{"self":[{"href":"https:\/\/vinasfm.com\/noticias\/wp-json\/wp\/v2\/posts\/95759","targetHints":{"allow":["GET"]}}],"collection":[{"href":"https:\/\/vinasfm.com\/noticias\/wp-json\/wp\/v2\/posts"}],"about":[{"href":"https:\/\/vinasfm.com\/noticias\/wp-json\/wp\/v2\/types\/post"}],"author":[{"embeddable":true,"href":"https:\/\/vinasfm.com\/noticias\/wp-json\/wp\/v2\/users\/7"}],"replies":[{"embeddable":true,"href":"https:\/\/vinasfm.com\/noticias\/wp-json\/wp\/v2\/comments?post=95759"}],"version-history":[{"count":4,"href":"https:\/\/vinasfm.com\/noticias\/wp-json\/wp\/v2\/posts\/95759\/revisions"}],"predecessor-version":[{"id":95806,"href":"https:\/\/vinasfm.com\/noticias\/wp-json\/wp\/v2\/posts\/95759\/revisions\/95806"}],"wp:featuredmedia":[{"embeddable":true,"href":"https:\/\/vinasfm.com\/noticias\/wp-json\/wp\/v2\/media\/95775"}],"wp:attachment":[{"href":"https:\/\/vinasfm.com\/noticias\/wp-json\/wp\/v2\/media?parent=95759"}],"wp:term":[{"taxonomy":"category","embeddable":true,"href":"https:\/\/vinasfm.com\/noticias\/wp-json\/wp\/v2\/categories?post=95759"},{"taxonomy":"post_tag","embeddable":true,"href":"https:\/\/vinasfm.com\/noticias\/wp-json\/wp\/v2\/tags?post=95759"}],"curies":[{"name":"wp","href":"https:\/\/api.w.org\/{rel}","templated":true}]}}