{"id":95743,"date":"2021-08-19T10:00:20","date_gmt":"2021-08-19T13:00:20","guid":{"rendered":"http:\/\/vinasfm.com\/noticias\/?p=95743"},"modified":"2021-08-19T12:01:56","modified_gmt":"2021-08-19T15:01:56","slug":"agrupaciones-de-jovenes-realizaron-actividades-en-el-marco-al-dia-del-nino","status":"publish","type":"post","link":"https:\/\/vinasfm.com\/noticias\/agrupaciones-de-jovenes-realizaron-actividades-en-el-marco-al-dia-del-nino\/","title":{"rendered":"AGRUPACIONES DE J\u00d3VENES REALIZARON ACTIVIDADES EN EL MARCO DEL D\u00cdA DEL NI\u00d1O"},"content":{"rendered":"<h4><span style=\"color: #000000;\"><strong>El fin de semana pasado se realizaron varias actividades en marco de los festejos del d\u00eda del ni\u00f1o por parte de distintas agrupaciones. Los j\u00f3venes del departamento siguen involucr\u00e1ndose en las actividades sociales y pol\u00edticas por eso desde la juventud del Pro y del radicalismo realizaron entrega de meriendas y juguetes a ni\u00f1os de distintas zonas del departamento.<\/strong><\/span><\/h4>\n<p><span style=\"color: #000000;\">En di\u00e1logo con <em><b>F.M. VI\u00d1AS Jorge <\/b><b>P\u00e9rez<\/b><b>, presidente de la Juventud del Pro,<\/b><\/em> expres\u00f3:<em><strong> &#8216;Estuvimos junto a la juventud radical por lo que es Carmensa, Bowen y Alvear Oeste, nos llevo una semana de preparar meriendas, hicimos una colecta de juguetes, lo que pueden llegar hacer juguetes usados en buen uso y pudimos conseguir juguetes nuevos&#8217;<\/strong><\/em>.<\/span><\/p>\n<p><span style=\"color: #000000;\"><em><strong>&#8216;Como sab\u00edamos que no se puede hacer un festejo como quisi\u00e9ramos con juegos y dem\u00e1s como siempre se ha hecho, se tomaron los recaudos necesarios para recorrer barrio por barrio y haciendo un regalo a los chiquitos entreg\u00e1ndoselo en mano&#8217;<\/strong><\/em>, resalt\u00f3 de la actividad. <\/span><\/p>\n<p><span style=\"color: #000000;\">Tambi\u00e9n la vuelta a las actividades y tratando de realizar una vida lo m\u00e1s normal que se pueda hace que los m\u00e1s chicos se encuentren animados. <em><strong>&#8216;Esto es de volver de nuevo a clases a los ni\u00f1os hace que est\u00e9n m\u00e1s esperanzados se les nota las ganas m\u00e1s all\u00e1 de aprender sino de jugar hab\u00eda muchos chicos en la calle, la pandemia no has terminado todav\u00eda sabemos que esto va a ser para rato, pero a la ni\u00f1ez a un granito de esperanza que es lo que nos llena nosotros tambi\u00e9n&#8217;<\/strong><\/em>, mencion\u00f3 Jorge P\u00e9rez.<\/span><\/p>\n<p><span style=\"color: #000000;\">Entre la <strong>juventud del pro<\/strong> y la <strong>juventud radical<\/strong> hay aproximadamente <strong>60 j\u00f3venes<\/strong> realizando actividades sociales, se hab\u00edan realizado actividades por separado y se tomo la decisi\u00f3n de unirse para poder hacer m\u00e1s actividades. <strong><em>&#8216;Nos distribuimos en 4 sectores en los distritos que est\u00e1bamos se llev\u00f3 a la juventud de Bowen todo el mismo d\u00eda, ten\u00edamos pensado hacerlo entre dos fines de semana pero tuvimos la posibilidad de contar con tanto j\u00f3venes comprometidos desde el frente y bueno lo podemos hacer desde el mismo s\u00e1bado 14&#8217;<\/em><\/strong>, destac\u00f3.<\/span><\/p>\n<p><span style=\"color: #000000;\">Pueden contactarse con los j\u00f3venes por las redes sociales oficiales a juventud del radicalismo la pueden encontrar juventudradical.al o a la juventud del pro como <strong>jovenespro.alvear\u00a0<\/strong><\/span><\/p>\n<h5><span style=\"color: #000000;\">\u2022C.F.<\/span><\/h5>\n","protected":false},"excerpt":{"rendered":"<p>El fin de semana pasado se realizaron varias actividades en marco de los festejos del d\u00eda del ni\u00f1o por parte de &#8230;<\/p>\n","protected":false},"author":7,"featured_media":95779,"comment_status":"open","ping_status":"open","sticky":false,"template":"","format":"standard","meta":{"footnotes":""},"categories":[5,10],"tags":[],"class_list":["post-95743","post","type-post","status-publish","format-standard","has-post-thumbnail","hentry","category-actualidad","category-destacadas"],"_links":{"self":[{"href":"https:\/\/vinasfm.com\/noticias\/wp-json\/wp\/v2\/posts\/95743","targetHints":{"allow":["GET"]}}],"collection":[{"href":"https:\/\/vinasfm.com\/noticias\/wp-json\/wp\/v2\/posts"}],"about":[{"href":"https:\/\/vinasfm.com\/noticias\/wp-json\/wp\/v2\/types\/post"}],"author":[{"embeddable":true,"href":"https:\/\/vinasfm.com\/noticias\/wp-json\/wp\/v2\/users\/7"}],"replies":[{"embeddable":true,"href":"https:\/\/vinasfm.com\/noticias\/wp-json\/wp\/v2\/comments?post=95743"}],"version-history":[{"count":9,"href":"https:\/\/vinasfm.com\/noticias\/wp-json\/wp\/v2\/posts\/95743\/revisions"}],"predecessor-version":[{"id":95799,"href":"https:\/\/vinasfm.com\/noticias\/wp-json\/wp\/v2\/posts\/95743\/revisions\/95799"}],"wp:featuredmedia":[{"embeddable":true,"href":"https:\/\/vinasfm.com\/noticias\/wp-json\/wp\/v2\/media\/95779"}],"wp:attachment":[{"href":"https:\/\/vinasfm.com\/noticias\/wp-json\/wp\/v2\/media?parent=95743"}],"wp:term":[{"taxonomy":"category","embeddable":true,"href":"https:\/\/vinasfm.com\/noticias\/wp-json\/wp\/v2\/categories?post=95743"},{"taxonomy":"post_tag","embeddable":true,"href":"https:\/\/vinasfm.com\/noticias\/wp-json\/wp\/v2\/tags?post=95743"}],"curies":[{"name":"wp","href":"https:\/\/api.w.org\/{rel}","templated":true}]}}