{"id":95739,"date":"2021-08-19T00:01:26","date_gmt":"2021-08-19T03:01:26","guid":{"rendered":"http:\/\/vinasfm.com\/noticias\/?p=95739"},"modified":"2021-08-20T07:58:54","modified_gmt":"2021-08-20T10:58:54","slug":"agustin-loser-sera-recibido-con-un-caravanazo-en-su-arribo-al-departamento","status":"publish","type":"post","link":"https:\/\/vinasfm.com\/noticias\/agustin-loser-sera-recibido-con-un-caravanazo-en-su-arribo-al-departamento\/","title":{"rendered":"AGUST\u00cdN LOSER SER\u00c1 RECIBIDO CON UN CARAVANAZO EN SU ARRIBO AL DEPARTAMENTO"},"content":{"rendered":"<h4><span style=\"color: #000000;\"><strong>El alvearense medallista ol\u00edmpico regresa hoy por la tarde a General Alvear y a las 16:30 se realizar\u00e1 una concentraci\u00f3n en el Acceso Norte para darle la bienvenida. Despu\u00e9s de la caravana, el Municipio le entregar\u00e1 reconocimientos por su destacada actuaci\u00f3n en los Juegos Ol\u00edmpicos.<\/strong><\/span><\/h4>\n<p><span style=\"color: #000000;\">El <strong>Director de Deportes Jer\u00f3nimo Colla invit\u00f3 a los alvearenses a participar en sus veh\u00edculos de este reconocimiento masivo hacia Agust\u00edn por la medalla de bronce<\/strong> conseguida con la Selecci\u00f3n Argentina de Voley en los Juegos Ol\u00edmpicos de Tokio. <\/span><\/p>\n<p><span style=\"color: #000000;\"><em><strong>El mismo se llevar\u00e1 a cabo desde las 16.30 hs y el funcionario explic\u00f3: \u201cMa\u00f1ana (por hoy) por la tarde, llega Agust\u00edn Loser a General Alvear, por lo que el municipio en conjunto con familiares y amigos han trabajado para recibirlo como merece, con una caravana desde calle Uspallata y Avenida Libertador Norte\u00bb.<\/strong><\/em><\/span><\/p>\n<p><span style=\"color: #000000;\">Asimismo reiter\u00f3 el pedido de los cuidados pertinentes, evitando aglomeraciones, para prevenir la posibilidad de contagios masivos.\u00a0<em><strong>\u00abAl culminar, brindar\u00e1 una conferencia de prensa y le entregaremos un reconocimiento por su excelente desempe\u00f1o en los Juegos Ol\u00edmpicos y por ser referente para los j\u00f3venes deportistas alvearenses\u201d<\/strong><\/em>, detall\u00f3 Colla.<\/span><\/p>\n<h5><span style=\"color: #000000;\">\u2022<strong>L.A.<\/strong><\/span><\/h5>\n","protected":false},"excerpt":{"rendered":"<p>El alvearense medallista ol\u00edmpico regresa hoy por la tarde a General Alvear y a las 16:30 se realizar\u00e1 una concentraci\u00f3n en &#8230;<\/p>\n","protected":false},"author":7,"featured_media":95027,"comment_status":"open","ping_status":"open","sticky":false,"template":"","format":"standard","meta":{"footnotes":""},"categories":[5,10],"tags":[],"class_list":["post-95739","post","type-post","status-publish","format-standard","has-post-thumbnail","hentry","category-actualidad","category-destacadas"],"_links":{"self":[{"href":"https:\/\/vinasfm.com\/noticias\/wp-json\/wp\/v2\/posts\/95739","targetHints":{"allow":["GET"]}}],"collection":[{"href":"https:\/\/vinasfm.com\/noticias\/wp-json\/wp\/v2\/posts"}],"about":[{"href":"https:\/\/vinasfm.com\/noticias\/wp-json\/wp\/v2\/types\/post"}],"author":[{"embeddable":true,"href":"https:\/\/vinasfm.com\/noticias\/wp-json\/wp\/v2\/users\/7"}],"replies":[{"embeddable":true,"href":"https:\/\/vinasfm.com\/noticias\/wp-json\/wp\/v2\/comments?post=95739"}],"version-history":[{"count":5,"href":"https:\/\/vinasfm.com\/noticias\/wp-json\/wp\/v2\/posts\/95739\/revisions"}],"predecessor-version":[{"id":95800,"href":"https:\/\/vinasfm.com\/noticias\/wp-json\/wp\/v2\/posts\/95739\/revisions\/95800"}],"wp:featuredmedia":[{"embeddable":true,"href":"https:\/\/vinasfm.com\/noticias\/wp-json\/wp\/v2\/media\/95027"}],"wp:attachment":[{"href":"https:\/\/vinasfm.com\/noticias\/wp-json\/wp\/v2\/media?parent=95739"}],"wp:term":[{"taxonomy":"category","embeddable":true,"href":"https:\/\/vinasfm.com\/noticias\/wp-json\/wp\/v2\/categories?post=95739"},{"taxonomy":"post_tag","embeddable":true,"href":"https:\/\/vinasfm.com\/noticias\/wp-json\/wp\/v2\/tags?post=95739"}],"curies":[{"name":"wp","href":"https:\/\/api.w.org\/{rel}","templated":true}]}}