{"id":95569,"date":"2021-08-18T11:00:15","date_gmt":"2021-08-18T14:00:15","guid":{"rendered":"http:\/\/vinasfm.com\/noticias\/?p=95569"},"modified":"2021-08-18T20:12:59","modified_gmt":"2021-08-18T23:12:59","slug":"concluyeron-las-56o-olimpiadas-de-la-escuela-de-agricultura","status":"publish","type":"post","link":"https:\/\/vinasfm.com\/noticias\/concluyeron-las-56o-olimpiadas-de-la-escuela-de-agricultura\/","title":{"rendered":"CONCLUYERON LAS 56\u00ba OLIMPIADAS DE LA ESCUELA DE AGRICULTURA"},"content":{"rendered":"<h4><strong><span style=\"color: #000000;\">Este domingo 15 de agosto lleg\u00f3 a su fin una nueva edici\u00f3n de las tradicionales Olimpiadas de la Escuela de Agricultura. Bajo modalidad virtual, los estudiantes de 5to a\u00f1o volvieron a encender la llama con la inclusi\u00f3n de una gran cantidad de estudiantes del departamento y de for\u00e1neos que tambi\u00e9n participaron.<\/span><\/strong><\/h4>\n<p><span style=\"color: #000000;\">&#8216;<strong>Ni un momento, ni la eternidad. Esto va m\u00e1s all\u00e1&#8217;, fue el lema de la 56\u00b0 edici\u00f3n de las Olimpiadas de la EA, que mantuvieron el fuego encendido <\/strong>pese a que los condiciones no fueron las ideales para la organizaci\u00f3n. En representaci\u00f3n de un grupo de<strong> 75 alumnos de 5to a\u00f1o y de una gran comunidad educativa que acompa\u00f1\u00f3, Alejo Palavecino habl\u00f3 con FM Vi\u00f1as sobre la organizaci\u00f3n: <em>\u00abSab\u00edamos que nos iban a tocar las Olimpiadas virtuales, agarramos la propuesta y la intentamos mejorar\u00bb.<\/em><\/strong><\/span><\/p>\n<p><span style=\"color: #000000;\">Para lograr esta mayor repercusi\u00f3n, explic\u00f3: <strong><em>\u00abAgregamos nuevas disciplinas, para incluir a la mayor cantidad de gente posible, pensando en quienes no se destacan en deportes convencionales y tienen un don para la m\u00fasica, el arte, en videojuegos o que quieren mostrar su inteligencia en juegos como el Pasapalabra\u00bb. <\/em><\/strong><\/span><\/p>\n<p><span style=\"color: #000000;\">Con ese objetivo, y <strong>a trav\u00e9s de cuatro &#8216;bloques&#8217; de competencia se le dio lugar a los deportes convencionales, deportes electr\u00f3nicos (o videojuegos), juegos grupales de conocimiento y adivinanzas, y a competencias art\u00edsticas.<\/strong> Por \u00faltima, cabe destacar que la mayor\u00edas de <strong>los eventos fueron transmitidos en vivo y est\u00e1n cargados en el canal de Youtube de las Olimpiadas para revivir los mejores momentos de los intercolegiales.<\/strong><\/span><\/p>\n<h4 style=\"text-align: center;\"><strong><span style=\"color: #000000;\">Reconocimiento del HCD<\/span><\/strong><\/h4>\n<p><img loading=\"lazy\" decoding=\"async\" class=\"size-medium wp-image-95570 alignright\" src=\"http:\/\/vinasfm.com\/noticias\/wp-content\/uploads\/2021\/08\/9cdd8e55-eca6-423b-9c95-7e383b719c71-300x186.jpg\" alt=\"\" width=\"300\" height=\"186\" srcset=\"https:\/\/vinasfm.com\/noticias\/wp-content\/uploads\/2021\/08\/9cdd8e55-eca6-423b-9c95-7e383b719c71-300x186.jpg 300w, https:\/\/vinasfm.com\/noticias\/wp-content\/uploads\/2021\/08\/9cdd8e55-eca6-423b-9c95-7e383b719c71-768x475.jpg 768w, https:\/\/vinasfm.com\/noticias\/wp-content\/uploads\/2021\/08\/9cdd8e55-eca6-423b-9c95-7e383b719c71.jpg 800w\" sizes=\"auto, (max-width: 300px) 100vw, 300px\" \/><\/p>\n<p><span style=\"color: #000000;\"><strong>Los organizadores de las 56 Olimpiadas de la Escuela Agricultura recibieron en el sal\u00f3n San Mart\u00edn del Concejo Deliberante la Copa de la Amistad y el Deporte.<\/strong> En representaci\u00f3n de la escuela <strong>estuvieron la profesora Claudia Oller y los alumnos de 5 a\u00f1o Catarina Molero, Milagros Fern\u00e1ndez y Tom\u00e1s Montanari.<\/strong> Del acto de entrega\u00a0<strong>participaron el presidente Jos\u00e9 Mor\u00e1n y los ediles Alejandra Torti, Daniel L\u00f3pez, Patricia Salice, Pablo Longo, Hebe Katzer y Mabel Uccelli.<\/strong><\/span><\/p>\n<p><span style=\"color: #000000;\">Adem\u00e1s de recibir el trofeo, <strong>los alumnos recibieron la resoluci\u00f3n aprobada por unanimidad en la \u00faltima sesi\u00f3n ordinaria, con proyecto de Daniel L\u00f3pez, donde se reconoce a los Organizadores de las 56\u00b0 Olimpiadas identificadas bajo el lema \u201cNi un momento, ni la eternidad. Esto va m\u00e1s all\u00e1&#8230;\u201d por la implementaci\u00f3n en car\u00e1cter excepcional de las Olimpiadas Virtuales<\/strong>, que permiten seguir escribiendo la historia del evento escolar deportivo m\u00e1s importante de nuestro departamento.<\/span><\/p>\n<h5><strong><span style=\"color: #000000;\">\u2022L.A.<\/span><\/strong><\/h5>\n","protected":false},"excerpt":{"rendered":"<p>Este domingo 15 de agosto lleg\u00f3 a su fin una nueva edici\u00f3n de las tradicionales Olimpiadas de la Escuela de Agricultura. &#8230;<\/p>\n","protected":false},"author":8,"featured_media":95635,"comment_status":"open","ping_status":"open","sticky":false,"template":"","format":"standard","meta":{"footnotes":""},"categories":[5,18],"tags":[],"class_list":["post-95569","post","type-post","status-publish","format-standard","has-post-thumbnail","hentry","category-actualidad","category-educacion"],"_links":{"self":[{"href":"https:\/\/vinasfm.com\/noticias\/wp-json\/wp\/v2\/posts\/95569","targetHints":{"allow":["GET"]}}],"collection":[{"href":"https:\/\/vinasfm.com\/noticias\/wp-json\/wp\/v2\/posts"}],"about":[{"href":"https:\/\/vinasfm.com\/noticias\/wp-json\/wp\/v2\/types\/post"}],"author":[{"embeddable":true,"href":"https:\/\/vinasfm.com\/noticias\/wp-json\/wp\/v2\/users\/8"}],"replies":[{"embeddable":true,"href":"https:\/\/vinasfm.com\/noticias\/wp-json\/wp\/v2\/comments?post=95569"}],"version-history":[{"count":6,"href":"https:\/\/vinasfm.com\/noticias\/wp-json\/wp\/v2\/posts\/95569\/revisions"}],"predecessor-version":[{"id":95713,"href":"https:\/\/vinasfm.com\/noticias\/wp-json\/wp\/v2\/posts\/95569\/revisions\/95713"}],"wp:featuredmedia":[{"embeddable":true,"href":"https:\/\/vinasfm.com\/noticias\/wp-json\/wp\/v2\/media\/95635"}],"wp:attachment":[{"href":"https:\/\/vinasfm.com\/noticias\/wp-json\/wp\/v2\/media?parent=95569"}],"wp:term":[{"taxonomy":"category","embeddable":true,"href":"https:\/\/vinasfm.com\/noticias\/wp-json\/wp\/v2\/categories?post=95569"},{"taxonomy":"post_tag","embeddable":true,"href":"https:\/\/vinasfm.com\/noticias\/wp-json\/wp\/v2\/tags?post=95569"}],"curies":[{"name":"wp","href":"https:\/\/api.w.org\/{rel}","templated":true}]}}