{"id":95482,"date":"2021-08-13T00:41:35","date_gmt":"2021-08-13T03:41:35","guid":{"rendered":"http:\/\/vinasfm.com\/noticias\/?p=95482"},"modified":"2021-08-16T08:50:40","modified_gmt":"2021-08-16T11:50:40","slug":"covid-19-alvear-registro-12-nuevos-contagios-y-10-pacientes-recuperados","status":"publish","type":"post","link":"https:\/\/vinasfm.com\/noticias\/covid-19-alvear-registro-12-nuevos-contagios-y-10-pacientes-recuperados\/","title":{"rendered":"COVID-19: ALVEAR REGISTR\u00d3 12 NUEVOS CONTAGIOS Y 10 PACIENTES RECUPERADOS"},"content":{"rendered":"<h4><span style=\"color: #000000;\"><strong>El sistema sanitario de General Alvear report\u00f3 12 casos positivos de Covid-19 de un total de 37 muestras de PCR realizadas en las \u00faltimas 24 horas, lapso en el que se confirm\u00f3 la recuperaci\u00f3n de 10 pacientes.<\/strong><\/span><\/h4>\n<p><span style=\"color: #000000;\">Al momento, el total de casos acumulados en el\u00a0<em><strong>Hospital Enfermeros Argentinos<\/strong><\/em>\u00a0es de\u00a0<strong>5.351 <\/strong>desde el comienzo de la pandemia de los cuales\u00a0<strong>92 transitan actualmente la enfermedad<\/strong>,\u00a0<strong>5.060 se han recuperado <\/strong>y\u00a0<strong>197 pacientes han perdido la vida.<\/strong><\/span><\/p>\n<h4 style=\"text-align: center;\"><span style=\"color: #000000;\"><strong>INFORME REGI\u00d3N SUR<\/strong><\/span><\/h4>\n<p><span style=\"color: #000000;\">Este <strong>viernes<\/strong>, entre los tres departamentos del Sur<strong> se realizaron 339 PCR<\/strong>, resultando: <strong>69 muestras positivas<\/strong>\u00a0para Covid-19 y<strong> 270 negativas<\/strong>.<\/span><\/p>\n<ul>\n<li><span style=\"color: #000000;\"><strong>GENERAL ALVEAR: 12 casos positivos.<\/strong><\/span><\/li>\n<li><span style=\"color: #000000;\"><strong>SAN RAFAEL: 50 casos positivos.<\/strong><\/span><\/li>\n<li><span style=\"color: #000000;\"><strong>MALARG\u00dcE: 7 casos positivos.<\/strong><\/span><\/li>\n<\/ul>\n<p><span style=\"color: #000000;\">Con estas cifras,\u00a0<strong>San Rafael, General Alvear y Malarg\u00fce<\/strong>\u00a0cuentan con\u00a0<strong>28.032 casos<\/strong>\u00a0confirmados desde el inicio de la pandemia de los cuales\u00a0<strong>25.304 se han recuperado<\/strong>\u00a0y\u00a0<strong>787 han fallecido<\/strong>.<\/span><\/p>\n<h5><span style=\"color: #000000;\">\u2022L.A.<\/span><\/h5>\n","protected":false},"excerpt":{"rendered":"<p>El sistema sanitario de General Alvear report\u00f3 12 casos positivos de Covid-19 de un total de 37 muestras de PCR realizadas &#8230;<\/p>\n","protected":false},"author":7,"featured_media":70682,"comment_status":"open","ping_status":"open","sticky":false,"template":"","format":"standard","meta":{"footnotes":""},"categories":[5,62],"tags":[],"class_list":["post-95482","post","type-post","status-publish","format-standard","has-post-thumbnail","hentry","category-actualidad","category-coronavirus"],"_links":{"self":[{"href":"https:\/\/vinasfm.com\/noticias\/wp-json\/wp\/v2\/posts\/95482","targetHints":{"allow":["GET"]}}],"collection":[{"href":"https:\/\/vinasfm.com\/noticias\/wp-json\/wp\/v2\/posts"}],"about":[{"href":"https:\/\/vinasfm.com\/noticias\/wp-json\/wp\/v2\/types\/post"}],"author":[{"embeddable":true,"href":"https:\/\/vinasfm.com\/noticias\/wp-json\/wp\/v2\/users\/7"}],"replies":[{"embeddable":true,"href":"https:\/\/vinasfm.com\/noticias\/wp-json\/wp\/v2\/comments?post=95482"}],"version-history":[{"count":3,"href":"https:\/\/vinasfm.com\/noticias\/wp-json\/wp\/v2\/posts\/95482\/revisions"}],"predecessor-version":[{"id":95506,"href":"https:\/\/vinasfm.com\/noticias\/wp-json\/wp\/v2\/posts\/95482\/revisions\/95506"}],"wp:featuredmedia":[{"embeddable":true,"href":"https:\/\/vinasfm.com\/noticias\/wp-json\/wp\/v2\/media\/70682"}],"wp:attachment":[{"href":"https:\/\/vinasfm.com\/noticias\/wp-json\/wp\/v2\/media?parent=95482"}],"wp:term":[{"taxonomy":"category","embeddable":true,"href":"https:\/\/vinasfm.com\/noticias\/wp-json\/wp\/v2\/categories?post=95482"},{"taxonomy":"post_tag","embeddable":true,"href":"https:\/\/vinasfm.com\/noticias\/wp-json\/wp\/v2\/tags?post=95482"}],"curies":[{"name":"wp","href":"https:\/\/api.w.org\/{rel}","templated":true}]}}