{"id":95433,"date":"2021-08-13T23:59:58","date_gmt":"2021-08-14T02:59:58","guid":{"rendered":"http:\/\/vinasfm.com\/noticias\/?p=95433"},"modified":"2021-08-16T08:50:47","modified_gmt":"2021-08-16T11:50:47","slug":"infraestructura-anuncio-que-iniciaran-la-construccion-de-90-viviendas-mas-en-alvear","status":"publish","type":"post","link":"https:\/\/vinasfm.com\/noticias\/infraestructura-anuncio-que-iniciaran-la-construccion-de-90-viviendas-mas-en-alvear\/","title":{"rendered":"INFRAESTRUCTURA ANUNCI\u00d3 QUE INICIAR\u00c1N LA CONSTRUCCI\u00d3N DE 90 VIVIENDAS M\u00c1S EN ALVEAR"},"content":{"rendered":"<h4><span style=\"color: #000000;\"><strong>En el marco de los festejos por el 107\u00ba aniversario del departamento, el Gobierno de Mendoza entreg\u00f3 las casas de una nueva etapa del barrio Alimentaci\u00f3n. En un clima de festejo, los vecinos de General Alvear recibieron las llaves y carpetas de sus nuevas viviendas de manos de los funcionarios provinciales y municipales.<\/strong><\/span><\/h4>\n<p><span style=\"color: #000000;\">\u201c<strong><em>Estamos felices de entregar estas viviendas en un d\u00eda tan especial\u201d<\/em><\/strong>, expres\u00f3 el ministro de <strong>Planificaci\u00f3n e Infraestructura P\u00fablica, Mario Isgro<\/strong>, al inicio del acto. \u201c<strong><em>Son 25 familias las que hoy reciben su casa nueva y prontamente iniciaremos 90 viviendas correspondientes a los barrios Don Valent\u00edn y Malvinas Argentinas III<\/em><\/strong>\u201d, agreg\u00f3 el titular de la cartera de Infraestructura.<\/span><\/p>\n<p><span style=\"color: #000000;\">\u201c<strong><em>Tambi\u00e9n, pudimos firmar con el intendente Walther Marcolini un convenio de adhesi\u00f3n a los nuevos programas habitacionales, que el Gobernador anunci\u00f3 este lunes y que nos permitir\u00e1 construir 3.400 casas, muchas de las cuales estar\u00e1n en General Alvear<\/em><\/strong>\u201d, concluy\u00f3 el ministro.<\/span><\/p>\n<p><span style=\"color: #000000;\">Por su parte, la <strong>presidenta del Instituto Provincial de la Vivienda, Mar\u00eda Marta Ontanilla<\/strong>, coment\u00f3 que en estos casi dos a\u00f1os de gesti\u00f3n, &#8216;<strong><em>el Gobierno provincial lleva entregadas un poco m\u00e1s de 1.400 viviendas y contin\u00faan en ejecuci\u00f3n otras 900<\/em><\/strong>&#8216;.<\/span><\/p>\n<p><span style=\"color: #000000;\">\u201c<strong><em>Adem\u00e1s, tenemos 759 viviendas licitadas que vamos a iniciar en lo que queda de este a\u00f1o y en proyecto y prontas a licitar, 665 m\u00e1s, cuya ejecuci\u00f3n seguramente comenzar\u00e1 en el primer trimestre de 2022<\/em><\/strong>\u201d, complet\u00f3 la titular del IPV.<\/span><\/p>\n<p><span style=\"color: #000000;\">Las casas que se entregaron en esta oportunidad fueron financiadas por la Provincia, en el marco del Plan Mendoza Construye L\u00ednea 1 y su ejecuci\u00f3n, que estuvo a cargo de la <strong>empresa Titulizar SA<\/strong>, demand\u00f3 una inversi\u00f3n inicial de <strong>$50.938.532,32<\/strong>.<\/span><\/p>\n<h4><span style=\"color: #000000;\"><strong>M\u00e1s viviendas para Alvear<\/strong><\/span><\/h4>\n<p><span style=\"color: #000000;\">Las viviendas entregadas forman parte de la quinta etapa del <strong>barrio Alimentaci\u00f3n<\/strong> y cada una fue construida con el sistema tradicional con techo industrializado. Las unidades tienen dos dormitorios, cocina, estar comedor y ba\u00f1o, con superficie cubierta de <strong>61,72 metros cuadrados cubiertos<\/strong>. Una de ellas fue adaptada a las necesidades de personas con discapacidad, por lo que posee m\u00e1s superficie.<\/span><\/p>\n<p><span style=\"color: #000000;\">El barrio est\u00e1 ubicado en <strong>calle P\u00fablica N\u00ba 4<\/strong>, entre <strong>calles Juan Pablo I y Circunvalaci\u00f3n<\/strong> (Aguaribay), del distrito Ciudad de General Alvear. Cabe destacar que el Municipio y la entidad intermedia realizaron las obras de urbanizaci\u00f3n e infraestructura necesarias para que el <strong>IPV<\/strong> realice la construcci\u00f3n de las viviendas, como lo exige la <strong>L\u00ednea 1 del Programa Mendoza Construye<\/strong>.<\/span><\/p>\n<h5><span style=\"color: #000000;\">\u2022F.B.<\/span><\/h5>\n","protected":false},"excerpt":{"rendered":"<p>En el marco de los festejos por el 107\u00ba aniversario del departamento, el Gobierno de Mendoza entreg\u00f3 las casas de una &#8230;<\/p>\n","protected":false},"author":8,"featured_media":95435,"comment_status":"open","ping_status":"open","sticky":false,"template":"","format":"standard","meta":{"footnotes":""},"categories":[5,10],"tags":[],"class_list":["post-95433","post","type-post","status-publish","format-standard","has-post-thumbnail","hentry","category-actualidad","category-destacadas"],"_links":{"self":[{"href":"https:\/\/vinasfm.com\/noticias\/wp-json\/wp\/v2\/posts\/95433","targetHints":{"allow":["GET"]}}],"collection":[{"href":"https:\/\/vinasfm.com\/noticias\/wp-json\/wp\/v2\/posts"}],"about":[{"href":"https:\/\/vinasfm.com\/noticias\/wp-json\/wp\/v2\/types\/post"}],"author":[{"embeddable":true,"href":"https:\/\/vinasfm.com\/noticias\/wp-json\/wp\/v2\/users\/8"}],"replies":[{"embeddable":true,"href":"https:\/\/vinasfm.com\/noticias\/wp-json\/wp\/v2\/comments?post=95433"}],"version-history":[{"count":4,"href":"https:\/\/vinasfm.com\/noticias\/wp-json\/wp\/v2\/posts\/95433\/revisions"}],"predecessor-version":[{"id":95439,"href":"https:\/\/vinasfm.com\/noticias\/wp-json\/wp\/v2\/posts\/95433\/revisions\/95439"}],"wp:featuredmedia":[{"embeddable":true,"href":"https:\/\/vinasfm.com\/noticias\/wp-json\/wp\/v2\/media\/95435"}],"wp:attachment":[{"href":"https:\/\/vinasfm.com\/noticias\/wp-json\/wp\/v2\/media?parent=95433"}],"wp:term":[{"taxonomy":"category","embeddable":true,"href":"https:\/\/vinasfm.com\/noticias\/wp-json\/wp\/v2\/categories?post=95433"},{"taxonomy":"post_tag","embeddable":true,"href":"https:\/\/vinasfm.com\/noticias\/wp-json\/wp\/v2\/tags?post=95433"}],"curies":[{"name":"wp","href":"https:\/\/api.w.org\/{rel}","templated":true}]}}