{"id":95422,"date":"2021-08-13T23:59:43","date_gmt":"2021-08-14T02:59:43","guid":{"rendered":"http:\/\/vinasfm.com\/noticias\/?p=95422"},"modified":"2021-08-14T11:54:12","modified_gmt":"2021-08-14T14:54:12","slug":"el-intendente-invito-a-recuperar-la-historia-pujante-de-general-alvear-en-el-107-aniversario","status":"publish","type":"post","link":"https:\/\/vinasfm.com\/noticias\/el-intendente-invito-a-recuperar-la-historia-pujante-de-general-alvear-en-el-107-aniversario\/","title":{"rendered":"EL INTENDENTE INVIT\u00d3 A RECUPERAR LA HISTORIA PUJANTE DE GENERAL ALVEAR EN EL 107\u00b0 ANIVERSARIO"},"content":{"rendered":"<h4><span style=\"color: #000000;\"><strong>En el marco del 107\u00ba aniversario el Licenciado Walther Marcolini hizo un repaso hist\u00f3rico y destac\u00f3 los proyectos a mediano y largo plazo de la gesti\u00f3n con obras como el Mercado Municipal, que beneficiar\u00e1n a los alvearenses en el d\u00eda a d\u00eda. Adem\u00e1s, llam\u00f3 al trabajo en conjunto con funcionarios provinciales y nacionales para potenciar la actividad de la regi\u00f3n y reiter\u00f3 la necesidad de la vuelta del ferrocarril.<\/strong><\/span><\/h4>\n<p><span style=\"color: #000000;\">En este nuevo aniversario del departamento, el Intendente Walther Marcolini brind\u00f3 estas palabras para detallar los avances logrados en obras y marcando los puntos a mejorar en los pr\u00f3ximos meses y a\u00f1os. Tras los agradecimientos al Diputado Nacional Alfredo Cornejo, a la Ministra de Energ\u00eda Mariana Juri, al Senador Julio Cobos y a todos los funcionarios que llegaron a General Alvear, adem\u00e1s del reconocimiento a los concejales locales y a todos los alvearenses, comenz\u00f3:<\/span><\/p>\n<p><span style=\"color: #000000;\"><em>\u00abCelebrar 107 a\u00f1os de General Alvear nos obliga a un r\u00e1pido racconto, para saber de donde venimos, donde estamos y hacia donde vamos. Es poder integrar a toda la comunidad en un proyecto de desarrollo local que haga que General Alvear recupere en los pr\u00f3ximos a\u00f1os la capacidad de generar empleos de calidad, de seguir siendo ese pueblo amable, con buena calidad de vida y es empezar lo que hicieron los que nos antecedieron. <\/em><\/span><\/p>\n<p><span style=\"color: #000000;\"><em>Desde los pioneros que se animaron a transformar el desierto en oasis. Siempre van estar presentes en nuestra memoria, siempre va a estar el reconocimiento a ellos, aquellos ingenieros franceses, noruegos, dinamarqueses, que trazaron esa ciudad de avenidas anchas al inicio del siglo xx, cuando en 1914 se cre\u00f3 General Alvear. En ese per\u00edodo se realiz\u00f3 el tercer censo nacional de poblaci\u00f3n y Alvear ya contaba con m\u00e1s de 7700 habitantes.<\/em><\/span><\/p>\n<p><span style=\"color: #000000;\"><em>Alvear creci\u00f3 r\u00e1pidamente, llegaron inversores, aparecieron las f\u00e1bricas y el ferrocarril fue el motor del desarrollo para este pueblo. Con la visi\u00f3n extraordinaria de Pedro Cristopherse, el crecimiento se sostuvo hasta que la \u00faltima dictadura les sac\u00f3 los dos ramales ferroviarios y comenz\u00f3 un per\u00edodo de decadencia. Es un diagn\u00f3stico que hemos realizado muchas veces, en el que por ejemplo, de 14.500 hect\u00e1reas de vi\u00f1edos, hoy apenas tenemos 3.800.<\/em><\/span><\/p>\n<p><span style=\"color: #000000;\"><em>La democracia nos trajo la posibilidad de reconstruir estas situaciones y el gobierno del 83 trajo los principales servicios, con el televisado directo, el gas natural y as\u00ed han transcurrido los a\u00f1os en los que cada uno ha aportado y ha tratado de que el departamento avance y progrese. En ese sentido, nosotros hemos marcado un criterio de gobierno con una visi\u00f3n a mediano y largo plazo.<\/em><\/span><\/p>\n<p><span style=\"color: #000000;\"><em>Ese plan, est\u00e1 centrado en el desarrollo local y por eso este mercado (municipal) est\u00e1 centrado en el concepto de la soberanizaci\u00f3n de los recursos del territorio departamental y por eso se realizan obras en todos los distritos. En San Pedro del Atuel con la delegaci\u00f3n municipal y los cajeros autom\u00e1ticos, en Bowen la pr\u00f3xima semana pondremos en funcionamiento junto al delegado Hern\u00e1n Climent la Feria de Mujeres del Agro, porque ellas la pelearon en el 2001 y 2002 con una herramienta social tenga una herramienta de realizaci\u00f3n.<\/em><\/span><\/p>\n<p><span style=\"color: #000000;\"><em>En ese mismo sentido lo que se viene es lo m\u00e1s importante, lo podemos hacer juntos y necesitamos que nos ayuden. Para eso vamos a convocar a nuestros legisladores nacionales y ministros, para abrir puertas en la provincia y la naci\u00f3n. Tambi\u00e9n hay que agradecer el trabajo mancomunado en estos 6 a\u00f1os de gobierno, porque me he sentido sumamente acompa\u00f1ado por los gobiernos provinciales, por ministros, subsecretario y directores, con quienes seguimos trabajamos en Mendoza Activa, lo que ha sido un acierto en medio de esta pandemia.<\/em><\/span><\/p>\n<h5><span style=\"color: #000000;\">\u2022L.A.<\/span><\/h5>\n","protected":false},"excerpt":{"rendered":"<p>En el marco del 107\u00ba aniversario el Licenciado Walther Marcolini hizo un repaso hist\u00f3rico y destac\u00f3 los proyectos a mediano y &#8230;<\/p>\n","protected":false},"author":7,"featured_media":95448,"comment_status":"open","ping_status":"open","sticky":false,"template":"","format":"standard","meta":{"footnotes":""},"categories":[5,10],"tags":[],"class_list":["post-95422","post","type-post","status-publish","format-standard","has-post-thumbnail","hentry","category-actualidad","category-destacadas"],"_links":{"self":[{"href":"https:\/\/vinasfm.com\/noticias\/wp-json\/wp\/v2\/posts\/95422","targetHints":{"allow":["GET"]}}],"collection":[{"href":"https:\/\/vinasfm.com\/noticias\/wp-json\/wp\/v2\/posts"}],"about":[{"href":"https:\/\/vinasfm.com\/noticias\/wp-json\/wp\/v2\/types\/post"}],"author":[{"embeddable":true,"href":"https:\/\/vinasfm.com\/noticias\/wp-json\/wp\/v2\/users\/7"}],"replies":[{"embeddable":true,"href":"https:\/\/vinasfm.com\/noticias\/wp-json\/wp\/v2\/comments?post=95422"}],"version-history":[{"count":9,"href":"https:\/\/vinasfm.com\/noticias\/wp-json\/wp\/v2\/posts\/95422\/revisions"}],"predecessor-version":[{"id":95504,"href":"https:\/\/vinasfm.com\/noticias\/wp-json\/wp\/v2\/posts\/95422\/revisions\/95504"}],"wp:featuredmedia":[{"embeddable":true,"href":"https:\/\/vinasfm.com\/noticias\/wp-json\/wp\/v2\/media\/95448"}],"wp:attachment":[{"href":"https:\/\/vinasfm.com\/noticias\/wp-json\/wp\/v2\/media?parent=95422"}],"wp:term":[{"taxonomy":"category","embeddable":true,"href":"https:\/\/vinasfm.com\/noticias\/wp-json\/wp\/v2\/categories?post=95422"},{"taxonomy":"post_tag","embeddable":true,"href":"https:\/\/vinasfm.com\/noticias\/wp-json\/wp\/v2\/tags?post=95422"}],"curies":[{"name":"wp","href":"https:\/\/api.w.org\/{rel}","templated":true}]}}