{"id":95413,"date":"2021-08-13T23:55:06","date_gmt":"2021-08-14T02:55:06","guid":{"rendered":"http:\/\/vinasfm.com\/noticias\/?p=95413"},"modified":"2021-08-14T12:36:03","modified_gmt":"2021-08-14T15:36:03","slug":"el-municipio-y-vialidad-provincial-firmaron-un-convenio-para-concretar-obras-viales-en-el-departamento","status":"publish","type":"post","link":"https:\/\/vinasfm.com\/noticias\/el-municipio-y-vialidad-provincial-firmaron-un-convenio-para-concretar-obras-viales-en-el-departamento\/","title":{"rendered":"EL MUNICIPIO Y VIALIDAD PROVINCIAL FIRMARON UN CONVENIO PARA CONCRETAR OBRAS VIALES EN EL DEPARTAMENTO"},"content":{"rendered":"<h4><span style=\"color: #000000;\"><strong>En el marco de los festejos por el 107\u00ba Aniversario de General Alvear, el intendente Walther Marcolini firm\u00f3 un convenio con el titular de Vialidad Provincial Osvaldo Romagnoli para el inicio de esta importante obra. Adem\u00e1s en Alvear se ejecutan otras tareas relacionadas con vialidad.<\/strong><\/span><\/h4>\n<p><span style=\"color: #000000;\">General Alvear festeja su aniversario n\u00famero 107 de la mejor manera, con obras, inauguraciones y la entrega de barrios. Es que a la puesta en funcionamiento del Mercado Municipal y la entrega de las <strong>25 viviendas correspondientes al Barrio Alimentaci\u00f3n V<\/strong>, se le <strong>sum\u00f3 la firma de un convenio entre el intendente Walther Marcolini y el titular de Vialidad Provincial Osvaldo Romagnoli para dar inicio a la obra del puente en calle Centenario y 13<\/strong>: \u201c<strong><em>Es importante que se haya firmado el contrato con la empresa Camiletti para el inicio de esta obra, por eso agradecemos la visita del ingeniero Romagnoli, quien siempre que viene a la zona sur tenemos novedades importantes<\/em><\/strong>\u201d, manifest\u00f3 el <strong>Consejero de la Zona Sur de Vialidad V\u00edctor \u00c1lvarez<\/strong>.<\/span><\/p>\n<div id=\"attachment_95416\" style=\"width: 357px\" class=\"wp-caption alignleft\"><a style=\"color: #000000;\" href=\"http:\/\/vinasfm.com\/noticias\/wp-content\/uploads\/2021\/08\/Firma-Convenio-Vialidad-2-scaled.jpg\"><img loading=\"lazy\" decoding=\"async\" aria-describedby=\"caption-attachment-95416\" class=\" wp-image-95416\" src=\"http:\/\/vinasfm.com\/noticias\/wp-content\/uploads\/2021\/08\/Firma-Convenio-Vialidad-2-scaled.jpg\" alt=\"\" width=\"357\" height=\"238\" srcset=\"https:\/\/vinasfm.com\/noticias\/wp-content\/uploads\/2021\/08\/Firma-Convenio-Vialidad-2-scaled.jpg 2560w, https:\/\/vinasfm.com\/noticias\/wp-content\/uploads\/2021\/08\/Firma-Convenio-Vialidad-2-300x200.jpg 300w, https:\/\/vinasfm.com\/noticias\/wp-content\/uploads\/2021\/08\/Firma-Convenio-Vialidad-2-1024x683.jpg 1024w, https:\/\/vinasfm.com\/noticias\/wp-content\/uploads\/2021\/08\/Firma-Convenio-Vialidad-2-768x512.jpg 768w, https:\/\/vinasfm.com\/noticias\/wp-content\/uploads\/2021\/08\/Firma-Convenio-Vialidad-2-1536x1024.jpg 1536w, https:\/\/vinasfm.com\/noticias\/wp-content\/uploads\/2021\/08\/Firma-Convenio-Vialidad-2-2048x1365.jpg 2048w\" sizes=\"auto, (max-width: 357px) 100vw, 357px\" \/><\/a><p id=\"caption-attachment-95416\" class=\"wp-caption-text\"><span style=\"color: #000000;\">Firma de convenios entre DPV y el Municipio.<\/span><\/p><\/div>\n<p><span style=\"color: #000000;\">El <strong>ingeniero Osvaldo Romagnoli<\/strong> agradeci\u00f3 en primer lugar la posibilidad de participar de los actos por el aniversario de General Alvear, y se refiri\u00f3 a la firma de este contrato: \u201c<strong><em>Es una obra esperada, que se hizo por fuera del presupuesto porque se origin\u00f3 por una rotura que gener\u00f3 una interrupci\u00f3n y una adaptaci\u00f3n de proyecto que reemplaza una estructura a\u00f1osa con otro espacio y la factibilidad de cruce de servicios, adem\u00e1s de una vida \u00fatil muy extensa por lo que damos una soluci\u00f3n final a una problem\u00e1tica que hab\u00eda en el departamento<\/em><\/strong>\u201d.<\/span><\/p>\n<p><span style=\"color: #000000;\">Pero tambi\u00e9n se est\u00e1 trabajando en otros sectores como <strong>calle G<\/strong>, <strong>una traza que se ha aggiornado, se ha ensanchado corrigiendo los forestales que surcan el camino, ensanchando las alcantarillas, incorporando un paquete estructural para habilitarla para todo tipo de carga<\/strong>, en total es un recorrido de <strong>3000 metros<\/strong>, en donde el Municipio trabaj\u00f3 junto a Vialidad de manera simult\u00e1nea en los componentes de cruce, que hab\u00eda que adaptar y ensanchar, con equipo propio y por administraci\u00f3n.<\/span><\/p>\n<p><span style=\"color: #000000;\">En cuanto a los caminos rurales, <strong>Romagnoli<\/strong> se\u00f1al\u00f3: \u201c<strong><em>A fin de lograr mantener la planificaci\u00f3n anual y mejorarla, es que se est\u00e1 trabajando en ia reparaci\u00f3n de equipos para dotar de un mayor respaldo mec\u00e1nico al departamento y de personal, sobretodo para estabilizar los suelos y que los trabajos sean m\u00e1s durables y podamos permitir el movimiento de carga agr\u00edcola y ganadero<\/em><\/strong>\u201d.<\/span><\/p>\n<p><span style=\"color: #000000;\">Finalmente el titular del IPV habl\u00f3 de los convenios existentes entre el <strong>Municipio y Vialidad<\/strong>: \u201c<strong><em>Para que se concreten tiene que haber un compromiso desde la participaci\u00f3n y la seriedad en su ejecuci\u00f3n, en Alvear hemos tenido una continuidad en convenios espec\u00edficos y se basa en que cada uno ponga lo mejor de s\u00ed y se forme un c\u00edrculo virtuoso para que, entre Municipio y Vialidad, logremos mejorar la calidad de vida de la gente<\/em><\/strong>\u201d.<\/span><\/p>\n<h5><span style=\"color: #000000;\">\u2022F.B.<\/span><\/h5>\n","protected":false},"excerpt":{"rendered":"<p>En el marco de los festejos por el 107\u00ba Aniversario de General Alvear, el intendente Walther Marcolini firm\u00f3 un convenio con &#8230;<\/p>\n","protected":false},"author":8,"featured_media":95417,"comment_status":"open","ping_status":"open","sticky":false,"template":"","format":"standard","meta":{"footnotes":""},"categories":[5,79],"tags":[],"class_list":["post-95413","post","type-post","status-publish","format-standard","has-post-thumbnail","hentry","category-actualidad","category-vialidad"],"_links":{"self":[{"href":"https:\/\/vinasfm.com\/noticias\/wp-json\/wp\/v2\/posts\/95413","targetHints":{"allow":["GET"]}}],"collection":[{"href":"https:\/\/vinasfm.com\/noticias\/wp-json\/wp\/v2\/posts"}],"about":[{"href":"https:\/\/vinasfm.com\/noticias\/wp-json\/wp\/v2\/types\/post"}],"author":[{"embeddable":true,"href":"https:\/\/vinasfm.com\/noticias\/wp-json\/wp\/v2\/users\/8"}],"replies":[{"embeddable":true,"href":"https:\/\/vinasfm.com\/noticias\/wp-json\/wp\/v2\/comments?post=95413"}],"version-history":[{"count":2,"href":"https:\/\/vinasfm.com\/noticias\/wp-json\/wp\/v2\/posts\/95413\/revisions"}],"predecessor-version":[{"id":95421,"href":"https:\/\/vinasfm.com\/noticias\/wp-json\/wp\/v2\/posts\/95413\/revisions\/95421"}],"wp:featuredmedia":[{"embeddable":true,"href":"https:\/\/vinasfm.com\/noticias\/wp-json\/wp\/v2\/media\/95417"}],"wp:attachment":[{"href":"https:\/\/vinasfm.com\/noticias\/wp-json\/wp\/v2\/media?parent=95413"}],"wp:term":[{"taxonomy":"category","embeddable":true,"href":"https:\/\/vinasfm.com\/noticias\/wp-json\/wp\/v2\/categories?post=95413"},{"taxonomy":"post_tag","embeddable":true,"href":"https:\/\/vinasfm.com\/noticias\/wp-json\/wp\/v2\/tags?post=95413"}],"curies":[{"name":"wp","href":"https:\/\/api.w.org\/{rel}","templated":true}]}}