{"id":95392,"date":"2021-08-13T11:46:47","date_gmt":"2021-08-13T14:46:47","guid":{"rendered":"http:\/\/vinasfm.com\/noticias\/?p=95392"},"modified":"2021-08-13T19:30:15","modified_gmt":"2021-08-13T22:30:15","slug":"asi-se-juega-la-12-fecha-del-futbol-alvearense","status":"publish","type":"post","link":"https:\/\/vinasfm.com\/noticias\/asi-se-juega-la-12-fecha-del-futbol-alvearense\/","title":{"rendered":"AS\u00cd SE JUEGA LA 12\u00b0 FECHA DEL F\u00daTBOL ALVEARENSE"},"content":{"rendered":"<h4><strong><span style=\"color: #000000;\">Con Argentino en lo m\u00e1s alto de la tabla, Ferro, Pac\u00edfico y Bowen en zona de reducido, se viene una nueva jornada del f\u00fatbol de Primera. Entre s\u00e1bado y domingo a las 16 hs, se disputar\u00e1n los cuatro partidos y Andes quedar\u00e1 libre.<\/span><\/strong><\/h4>\n<p><span style=\"color: #000000;\">En busca de empezar a definir posiciones en la tabla de cara a las semifinales de la Liga Alvearense de F\u00fatbol, estos ser\u00e1n los partidos del fin de semana:<\/span><\/p>\n<p><span style=\"color: #000000;\">S\u00e1bado 16 hs:<\/span><\/p>\n<ul>\n<li><span style=\"color: #000000;\">10 de Setiembre &#8211; Bowen.<\/span><\/li>\n<li><span style=\"color: #000000;\">Ferro &#8211; Uni\u00f3n (SL).<\/span><\/li>\n<\/ul>\n<p><span style=\"color: #000000;\">Domingo 16 hs:<\/span><\/p>\n<ul>\n<li><span style=\"color: #000000;\">Col\u00f3n &#8211; Argentino (en cancha de Andes)<\/span><\/li>\n<li><span style=\"color: #000000;\">Circunvalaci\u00f3n &#8211; Pac\u00edfico (en cancha de Bowen)<\/span><\/li>\n<\/ul>\n<p><span style=\"color: #000000;\">As\u00ed est\u00e1 la tabla de posiciones:<\/span><\/p>\n<p><a href=\"http:\/\/vinasfm.com\/noticias\/wp-content\/uploads\/2021\/08\/WhatsApp-Image-2021-08-10-at-06.43.59.jpeg\"><img loading=\"lazy\" decoding=\"async\" class=\"alignnone wp-image-95144\" src=\"http:\/\/vinasfm.com\/noticias\/wp-content\/uploads\/2021\/08\/WhatsApp-Image-2021-08-10-at-06.43.59-300x175.jpeg\" alt=\"\" width=\"465\" height=\"271\" srcset=\"https:\/\/vinasfm.com\/noticias\/wp-content\/uploads\/2021\/08\/WhatsApp-Image-2021-08-10-at-06.43.59-300x175.jpeg 300w, https:\/\/vinasfm.com\/noticias\/wp-content\/uploads\/2021\/08\/WhatsApp-Image-2021-08-10-at-06.43.59-768x448.jpeg 768w, https:\/\/vinasfm.com\/noticias\/wp-content\/uploads\/2021\/08\/WhatsApp-Image-2021-08-10-at-06.43.59.jpeg 820w\" sizes=\"auto, (max-width: 465px) 100vw, 465px\" \/><\/a><\/p>\n<p><span style=\"color: #000000;\">\u2022<strong>L.A.<\/strong><\/span><\/p>\n","protected":false},"excerpt":{"rendered":"<p>Con Argentino en lo m\u00e1s alto de la tabla, Ferro, Pac\u00edfico y Bowen en zona de reducido, se viene una nueva &#8230;<\/p>\n","protected":false},"author":7,"featured_media":87691,"comment_status":"open","ping_status":"open","sticky":false,"template":"","format":"standard","meta":{"footnotes":""},"categories":[5,3],"tags":[],"class_list":["post-95392","post","type-post","status-publish","format-standard","has-post-thumbnail","hentry","category-actualidad","category-deportes"],"_links":{"self":[{"href":"https:\/\/vinasfm.com\/noticias\/wp-json\/wp\/v2\/posts\/95392","targetHints":{"allow":["GET"]}}],"collection":[{"href":"https:\/\/vinasfm.com\/noticias\/wp-json\/wp\/v2\/posts"}],"about":[{"href":"https:\/\/vinasfm.com\/noticias\/wp-json\/wp\/v2\/types\/post"}],"author":[{"embeddable":true,"href":"https:\/\/vinasfm.com\/noticias\/wp-json\/wp\/v2\/users\/7"}],"replies":[{"embeddable":true,"href":"https:\/\/vinasfm.com\/noticias\/wp-json\/wp\/v2\/comments?post=95392"}],"version-history":[{"count":2,"href":"https:\/\/vinasfm.com\/noticias\/wp-json\/wp\/v2\/posts\/95392\/revisions"}],"predecessor-version":[{"id":95479,"href":"https:\/\/vinasfm.com\/noticias\/wp-json\/wp\/v2\/posts\/95392\/revisions\/95479"}],"wp:featuredmedia":[{"embeddable":true,"href":"https:\/\/vinasfm.com\/noticias\/wp-json\/wp\/v2\/media\/87691"}],"wp:attachment":[{"href":"https:\/\/vinasfm.com\/noticias\/wp-json\/wp\/v2\/media?parent=95392"}],"wp:term":[{"taxonomy":"category","embeddable":true,"href":"https:\/\/vinasfm.com\/noticias\/wp-json\/wp\/v2\/categories?post=95392"},{"taxonomy":"post_tag","embeddable":true,"href":"https:\/\/vinasfm.com\/noticias\/wp-json\/wp\/v2\/tags?post=95392"}],"curies":[{"name":"wp","href":"https:\/\/api.w.org\/{rel}","templated":true}]}}