{"id":95365,"date":"2021-08-12T10:28:29","date_gmt":"2021-08-12T13:28:29","guid":{"rendered":"http:\/\/vinasfm.com\/noticias\/?p=95365"},"modified":"2021-08-13T10:47:24","modified_gmt":"2021-08-13T13:47:24","slug":"tiempo-asi-estaran-las-temperaturas-en-nuestra-zona","status":"publish","type":"post","link":"https:\/\/vinasfm.com\/noticias\/tiempo-asi-estaran-las-temperaturas-en-nuestra-zona\/","title":{"rendered":"TIEMPO: ASCENDER\u00c1N LEVEMENTE LAS TEMPERATURAS DURANTE EL FIN DE SEMANA LARGO"},"content":{"rendered":"<h4><strong><span style=\"color: #000000;\">Esta semana las temperaturas han sido bajas, con vientos y cielo con nubosidad, para este fin de semana tendremos poca cambio de las temperaturas, seguir\u00e1n los d\u00edas con bajas temperaturas con temperaturas m\u00e1ximas que no llegan a los 20\u00baC y las m\u00ednimas llegan a los 2\u00baC.<\/span><\/strong><\/h4>\n<p><span style=\"color: #000000;\">Para <em><strong>hoy <\/strong><strong>jueves <\/strong><\/em>con varias actividades, tendremos vientos leves del este y cielo despejado. <em><strong>M\u00e1xima <\/strong><\/em>de <strong><em>15\u00baC <\/em><\/strong>y una <strong><em>m\u00ednima <\/em><\/strong>de <em><strong>2\u00baC<\/strong><\/em>.<\/span><\/p>\n<p><span style=\"color: #000000;\"><strong><em>Ma\u00f1ana<\/em><\/strong> <em><strong>viernes <\/strong><\/em>habr\u00e1 un leve ascenso de la temperatura y vientos leves del noreste. <em><strong>M\u00e1xima <\/strong><\/em>de <em><strong>17\u00baC <\/strong><\/em>y una <em><strong>m\u00ednima<\/strong> <\/em>de <em><strong>2\u00baC<\/strong><\/em>.<\/span><\/p>\n<p><span style=\"color: #000000;\">El d\u00eda <strong><em>s\u00e1bado<\/em> <\/strong>tendremos cielo con algo de nubosidad y vientos leves del noreste. <strong><em>M\u00e1xima<\/em> <\/strong>de <em><strong>18\u00baC <\/strong><\/em>y <em><strong>m\u00ednimas <\/strong><\/em>de <em><strong>3\u00baC<\/strong><\/em>.<\/span><\/p>\n<p><span style=\"color: #000000;\">Para el d\u00eda <em><strong>domingo<\/strong><\/em>, tendremos cielo con poca nubosidad y vientos leves. <strong><em>M\u00e1xima <\/em><\/strong>de <strong><em>19\u00baC <\/em><\/strong>y <em><strong>m\u00ednimas <\/strong><\/em>de <strong><em>5\u00baC<\/em><\/strong>.<\/span><\/p>\n<p><span style=\"color: #000000;\">\u2022C.F.<\/span><\/p>\n","protected":false},"excerpt":{"rendered":"<p>Esta semana las temperaturas han sido bajas, con vientos y cielo con nubosidad, para este fin de semana tendremos poca cambio &#8230;<\/p>\n","protected":false},"author":7,"featured_media":47831,"comment_status":"open","ping_status":"open","sticky":false,"template":"","format":"standard","meta":{"footnotes":""},"categories":[5,17],"tags":[],"class_list":["post-95365","post","type-post","status-publish","format-standard","has-post-thumbnail","hentry","category-actualidad","category-clima"],"_links":{"self":[{"href":"https:\/\/vinasfm.com\/noticias\/wp-json\/wp\/v2\/posts\/95365","targetHints":{"allow":["GET"]}}],"collection":[{"href":"https:\/\/vinasfm.com\/noticias\/wp-json\/wp\/v2\/posts"}],"about":[{"href":"https:\/\/vinasfm.com\/noticias\/wp-json\/wp\/v2\/types\/post"}],"author":[{"embeddable":true,"href":"https:\/\/vinasfm.com\/noticias\/wp-json\/wp\/v2\/users\/7"}],"replies":[{"embeddable":true,"href":"https:\/\/vinasfm.com\/noticias\/wp-json\/wp\/v2\/comments?post=95365"}],"version-history":[{"count":4,"href":"https:\/\/vinasfm.com\/noticias\/wp-json\/wp\/v2\/posts\/95365\/revisions"}],"predecessor-version":[{"id":95397,"href":"https:\/\/vinasfm.com\/noticias\/wp-json\/wp\/v2\/posts\/95365\/revisions\/95397"}],"wp:featuredmedia":[{"embeddable":true,"href":"https:\/\/vinasfm.com\/noticias\/wp-json\/wp\/v2\/media\/47831"}],"wp:attachment":[{"href":"https:\/\/vinasfm.com\/noticias\/wp-json\/wp\/v2\/media?parent=95365"}],"wp:term":[{"taxonomy":"category","embeddable":true,"href":"https:\/\/vinasfm.com\/noticias\/wp-json\/wp\/v2\/categories?post=95365"},{"taxonomy":"post_tag","embeddable":true,"href":"https:\/\/vinasfm.com\/noticias\/wp-json\/wp\/v2\/tags?post=95365"}],"curies":[{"name":"wp","href":"https:\/\/api.w.org\/{rel}","templated":true}]}}