{"id":95314,"date":"2021-08-12T23:40:35","date_gmt":"2021-08-13T02:40:35","guid":{"rendered":"http:\/\/vinasfm.com\/noticias\/?p=95314"},"modified":"2021-08-13T10:47:54","modified_gmt":"2021-08-13T13:47:54","slug":"economia-impulsa-el-desarrollo-de-la-innovacion-la-ciencia-y-la-tecnologia-en-alvear","status":"publish","type":"post","link":"https:\/\/vinasfm.com\/noticias\/economia-impulsa-el-desarrollo-de-la-innovacion-la-ciencia-y-la-tecnologia-en-alvear\/","title":{"rendered":"ECONOM\u00cdA IMPULSA EL DESARROLLO DE LA INNOVACI\u00d3N, LA CIENCIA Y LA TECNOLOG\u00cdA EN ALVEAR"},"content":{"rendered":"<h4><span style=\"color: #000000;\"><strong>Funcionarios de la cartera econ\u00f3mica visitaron nuestro departamento para difundir diversas l\u00edneas de capacitaci\u00f3n y financiamiento en d\u00f3lares que buscan fomentar la creaci\u00f3n de nuevos empleos y generar impacto en las econom\u00edas locales.<\/strong><\/span><\/h4>\n<p><span style=\"color: #000000;\">El <strong>subsecretario de Industria y Comercio, Alejandro Zlotolow<\/strong>, acompa\u00f1ado por el <strong>director de Innovaci\u00f3n y Desarrollo Econ\u00f3mico, Federico Mor\u00e1bito<\/strong>, se reuni\u00f3 con el <strong>intendente de General Alvear, Walter Marcolini<\/strong> para tratar diversos temas relacionados con los programas <strong><em>Mendoza TecLab<\/em> <\/strong>y <strong><em>Mendoza Futura<\/em><\/strong>.<\/span><\/p>\n<p><span style=\"color: #000000;\">\u201c<strong><em>Vinimos a General Alvear para tratar tem\u00e1ticas que tienen que ver con el desarrollo de la innovaci\u00f3n, la ciencia y la tecnolog\u00eda. En este sentido compartimos los lineamientos de TecLab, una l\u00ednea de financiaci\u00f3n en d\u00f3lares para proyectos relacionados con el desarrollo de procesos de innovaci\u00f3n y la vinculaci\u00f3n con el ecosistema cient\u00edfico y tecnol\u00f3gico de la provincia<\/em><\/strong>\u201d, explic\u00f3 Mor\u00e1bito.<\/span><\/p>\n<p><span style=\"color: #000000;\">\u201c<strong><em>Los proyectos podr\u00e1n ser presentados por empresas o grupos de empresas y deber\u00e1n promover procesos de mejoras productivas y fomentar la generaci\u00f3n de empleo<\/em><\/strong>\u201d, resalt\u00f3 el funcionario, quien en la misma l\u00ednea subray\u00f3:\u00a0\u201c<strong><em>Mendoza viene transitando este camino desde hace tiempo y con una experiencia muy valiosa. Hemos estado interactuando mucho y siempre tratamos de generar incentivos para que el sector privado se sume y se vincule con instituciones educativas, universidades y ecosistemas cient\u00edficos, pensando en la incorporaci\u00f3n del conocimiento en las problem\u00e1ticas socioproductivas que tenemos en la provincia<\/em><\/strong>\u201d.<\/span><\/p>\n<p><span style=\"color: #000000;\"><strong>Mendoza TECLAB<\/strong> en un programa que <strong>destinar\u00e1 USD1.650.000 para financiar proyectos que desarrollen soluciones o investigaciones aplicadas, innovadoras, tecnol\u00f3gicas y escalables<\/strong>, que resuelvan problem\u00e1ticas propias de la provincia de Mendoza, buscando crear o fortalecer <strong>unidades de I+D<\/strong> con el fin de incrementar las capacidades de desarrollo e innovaci\u00f3n.<\/span><\/p>\n<p><span style=\"color: #000000;\">Los postulantes <strong>podr\u00e1n acceder a una asistencia financiera bajo la modalidad de Aporte Reembolsable (AR)<\/strong> de hasta el <strong>equivalente en pesos argentinos de USD 220.000<\/strong> y de un <strong>Aporte No Reembolsable (ANR)<\/strong> de hasta el <strong>equivalente en pesos argentinos de USD 110.000<\/strong>.<\/span><\/p>\n<h4><span style=\"color: #000000;\"><strong>Mendoza Futura<\/strong><\/span><\/h4>\n<p><span style=\"color: #000000;\">Con respecto a la formaci\u00f3n de capital humano, Federico Mor\u00e1bito coment\u00f3: \u201c<strong><em>Queremos que los j\u00f3venes se acerquen a la tecnolog\u00eda, a la innovaci\u00f3n y a la ciencia, por eso presentamos tambi\u00e9n Mendoza Futura, una herramienta para capacitar adolescentes en las habilidades tecnol\u00f3gicas tan requerida por el mercado laboral<\/em><\/strong>\u201d.<\/span><\/p>\n<p><span style=\"color: #000000;\"><em><strong>Mendoza Futura<\/strong> <\/em>apunta a promocionar la especializaci\u00f3n de los futuros profesionales, dentro de un rango de edad que permitir\u00e1 complementar la educaci\u00f3n obligatoria con el desarrollo de habilidades tecnol\u00f3gicas, creativas, trabajo en equipo y comunicaci\u00f3n, fundamentales para la formaci\u00f3n en oficios o profesiones con alta demanda laboral, como son las que tienen que ver con la tecnolog\u00eda y la programaci\u00f3n.<\/span><\/p>\n<h5><span style=\"color: #000000;\">\u00b7F.B.<\/span><\/h5>\n","protected":false},"excerpt":{"rendered":"<p>Funcionarios de la cartera econ\u00f3mica visitaron nuestro departamento para difundir diversas l\u00edneas de capacitaci\u00f3n y financiamiento en d\u00f3lares que buscan fomentar &#8230;<\/p>\n","protected":false},"author":8,"featured_media":95315,"comment_status":"open","ping_status":"open","sticky":false,"template":"","format":"standard","meta":{"footnotes":""},"categories":[5,16],"tags":[],"class_list":["post-95314","post","type-post","status-publish","format-standard","has-post-thumbnail","hentry","category-actualidad","category-economia"],"_links":{"self":[{"href":"https:\/\/vinasfm.com\/noticias\/wp-json\/wp\/v2\/posts\/95314","targetHints":{"allow":["GET"]}}],"collection":[{"href":"https:\/\/vinasfm.com\/noticias\/wp-json\/wp\/v2\/posts"}],"about":[{"href":"https:\/\/vinasfm.com\/noticias\/wp-json\/wp\/v2\/types\/post"}],"author":[{"embeddable":true,"href":"https:\/\/vinasfm.com\/noticias\/wp-json\/wp\/v2\/users\/8"}],"replies":[{"embeddable":true,"href":"https:\/\/vinasfm.com\/noticias\/wp-json\/wp\/v2\/comments?post=95314"}],"version-history":[{"count":1,"href":"https:\/\/vinasfm.com\/noticias\/wp-json\/wp\/v2\/posts\/95314\/revisions"}],"predecessor-version":[{"id":95316,"href":"https:\/\/vinasfm.com\/noticias\/wp-json\/wp\/v2\/posts\/95314\/revisions\/95316"}],"wp:featuredmedia":[{"embeddable":true,"href":"https:\/\/vinasfm.com\/noticias\/wp-json\/wp\/v2\/media\/95315"}],"wp:attachment":[{"href":"https:\/\/vinasfm.com\/noticias\/wp-json\/wp\/v2\/media?parent=95314"}],"wp:term":[{"taxonomy":"category","embeddable":true,"href":"https:\/\/vinasfm.com\/noticias\/wp-json\/wp\/v2\/categories?post=95314"},{"taxonomy":"post_tag","embeddable":true,"href":"https:\/\/vinasfm.com\/noticias\/wp-json\/wp\/v2\/tags?post=95314"}],"curies":[{"name":"wp","href":"https:\/\/api.w.org\/{rel}","templated":true}]}}