{"id":95245,"date":"2021-08-19T00:01:50","date_gmt":"2021-08-19T03:01:50","guid":{"rendered":"http:\/\/vinasfm.com\/noticias\/?p=95245"},"modified":"2021-08-22T23:05:46","modified_gmt":"2021-08-23T02:05:46","slug":"este-domingo-22-de-agosto-se-corren-los-12k-de-alvear","status":"publish","type":"post","link":"https:\/\/vinasfm.com\/noticias\/este-domingo-22-de-agosto-se-corren-los-12k-de-alvear\/","title":{"rendered":"ESTE DOMINGO 22 DE AGOSTO SE CORREN LOS 12K DE ALVEAR"},"content":{"rendered":"<h4><strong><span style=\"color: #000000;\">El Director de Deportes, Actividad F\u00edsica y Recreaci\u00f3n Jer\u00f3nimo Colla inform\u00f3 acerca de los 12K de Alvear que se realizar\u00e1 este domingo 22 de agosto.<\/span><\/strong><\/h4>\n<p><span style=\"color: #000000;\">La <strong>Direcci\u00f3n de Deporte<\/strong> est\u00e1 tratando de garantizar todos los protocolos posibles. Tras abrir las inscripciones<strong> en solo dos horas se anotaron 20 personas para retirar el kit<\/strong>. <\/span><span style=\"color: #000000;\">Para realizar las inscripciones est\u00e1 disponible la p\u00e1gina web 12k: <a href=\"http:\/\/www.alvearmendoza.gob.ar\"><strong>www.alvearmendoza.gob.ar<\/strong><\/a> y en las diferentes redes sociales. <\/span><\/p>\n<p><span style=\"color: #000000;\">Estar\u00e1 disponible la <strong>categor\u00eda 6k promocional<\/strong> y <strong>recreativa<\/strong> con un <strong>costo de inscripci\u00f3n de $500 <\/strong>donde los primeros 50 que se inscriban recibir\u00e1n una remera. Para la <strong>competitiva 12k<\/strong>, la <strong>inscripci\u00f3n es de $1.000<\/strong>, para los primeros 200 inscriptos incluye la remera. Tambi\u00e9n <strong>habr\u00e1 una actividad infantil, con escuelas deportivas, que incluir\u00e1 no solo carrera sino tambi\u00e9n salto y lanzamiento<\/strong>, m\u00e1s relacionado al atletismo, el <strong>domingo 22 de agosto<\/strong> en la <strong>plaza departamental Carlos Mar\u00eda de Alvear<\/strong>\u00a0a las <strong>10:30h<\/strong>.<\/span><\/p>\n<p><span style=\"color: #000000;\">&#8216;<strong><em>El recorrido de los 12k inicia el domingo 22 de agosto a las 9:30h en Bodega Fara\u00f3n, luego por ciclov\u00eda de Ruta 188 hasta calle 9 hacia calle Centenario hasta calle 8, pasan por callej\u00f3n Escudero hasta Parque Pueblo Luna. Despu\u00e9s, calle 7, calle Santa Fe, Ilia, Diagonal Carlos Pellegrini, Avenida Alvear Oeste hasta la plaza departamental Carlos Mar\u00eda de Alvear<\/em><\/strong>&#8216;, detall\u00f3 el Director de Deportes.<\/span><\/p>\n<h5><span style=\"color: #000000;\">\u2022F.B.<\/span><\/h5>\n","protected":false},"excerpt":{"rendered":"<p>El Director de Deportes, Actividad F\u00edsica y Recreaci\u00f3n Jer\u00f3nimo Colla inform\u00f3 acerca de los 12K de Alvear que se realizar\u00e1 este &#8230;<\/p>\n","protected":false},"author":8,"featured_media":95247,"comment_status":"open","ping_status":"open","sticky":false,"template":"","format":"standard","meta":{"footnotes":""},"categories":[5,3],"tags":[],"class_list":["post-95245","post","type-post","status-publish","format-standard","has-post-thumbnail","hentry","category-actualidad","category-deportes"],"_links":{"self":[{"href":"https:\/\/vinasfm.com\/noticias\/wp-json\/wp\/v2\/posts\/95245","targetHints":{"allow":["GET"]}}],"collection":[{"href":"https:\/\/vinasfm.com\/noticias\/wp-json\/wp\/v2\/posts"}],"about":[{"href":"https:\/\/vinasfm.com\/noticias\/wp-json\/wp\/v2\/types\/post"}],"author":[{"embeddable":true,"href":"https:\/\/vinasfm.com\/noticias\/wp-json\/wp\/v2\/users\/8"}],"replies":[{"embeddable":true,"href":"https:\/\/vinasfm.com\/noticias\/wp-json\/wp\/v2\/comments?post=95245"}],"version-history":[{"count":4,"href":"https:\/\/vinasfm.com\/noticias\/wp-json\/wp\/v2\/posts\/95245\/revisions"}],"predecessor-version":[{"id":95925,"href":"https:\/\/vinasfm.com\/noticias\/wp-json\/wp\/v2\/posts\/95245\/revisions\/95925"}],"wp:featuredmedia":[{"embeddable":true,"href":"https:\/\/vinasfm.com\/noticias\/wp-json\/wp\/v2\/media\/95247"}],"wp:attachment":[{"href":"https:\/\/vinasfm.com\/noticias\/wp-json\/wp\/v2\/media?parent=95245"}],"wp:term":[{"taxonomy":"category","embeddable":true,"href":"https:\/\/vinasfm.com\/noticias\/wp-json\/wp\/v2\/categories?post=95245"},{"taxonomy":"post_tag","embeddable":true,"href":"https:\/\/vinasfm.com\/noticias\/wp-json\/wp\/v2\/tags?post=95245"}],"curies":[{"name":"wp","href":"https:\/\/api.w.org\/{rel}","templated":true}]}}