{"id":95151,"date":"2021-08-10T00:02:09","date_gmt":"2021-08-10T03:02:09","guid":{"rendered":"http:\/\/vinasfm.com\/noticias\/?p=95151"},"modified":"2021-08-10T10:56:59","modified_gmt":"2021-08-10T13:56:59","slug":"escuelas-tecnicas-esta-abierta-la-inscripcion-para-finalizar-los-estudios-secundarios","status":"publish","type":"post","link":"https:\/\/vinasfm.com\/noticias\/escuelas-tecnicas-esta-abierta-la-inscripcion-para-finalizar-los-estudios-secundarios\/","title":{"rendered":"ESCUELAS T\u00c9CNICAS: EST\u00c1 ABIERTA LA INSCRIPCI\u00d3N PARA FINALIZAR LOS ESTUDIOS SECUNDARIOS"},"content":{"rendered":"<h4><span style=\"color: #000000;\"><strong>A trav\u00e9s del programa FinesTec 2021, estudiantes que cursaron sexto a\u00f1o antes del ciclo lectivo 2020 y deben materias t\u00e9cnicas podr\u00e1n inscribirse hasta el 31 de agosto para finalizar y obtener su t\u00edtulo.<\/strong><\/span><\/h4>\n<p><span style=\"color: #000000;\">Esta estrategia educativa invita a todos los <strong>estudiantes que terminaron de cursar en una escuela t\u00e9cnica y les quedan espacios curriculares pendientes de aprobaci\u00f3n<\/strong> en los campos cient\u00edficos tecnol\u00f3gicos, t\u00e9cnico espec\u00edfico o pr\u00e1cticas profesionalizantes. <strong>De esta manera podr\u00e1n obtener su t\u00edtulo secundario<\/strong>.<\/span><\/p>\n<p><span style=\"color: #000000;\">La propuesta<strong> es virtual y tendr\u00e1n un tutor o tutora para las consultas<\/strong>, con los cuales coordinar\u00e1n formas de comunicaci\u00f3n y horarios disponibles, quienes adem\u00e1s participar\u00e1n en el proceso de evaluaci\u00f3n.<\/span><\/p>\n<p><span style=\"color: #000000;\">Para realizar la inscripci\u00f3n <strong>se debe completar el formulario<\/strong>. Deber\u00e1n ingresar los siguientes datos: <strong><em>correo, tel\u00e9fono y escuela donde han cursado estudios secundarios t\u00e9cnicos<\/em><\/strong>; <strong><em>a\u00f1o en que cursaron 6\u00b0 y la tecnicatura y las materias adeudadas<\/em><\/strong>. Tambi\u00e9n<strong><em> deber\u00e1n adjuntar foto del DNI de ambos lados y foto o escaneo del anal\u00edtico o certificado brindado por la instituci\u00f3n que acredite las materias que se adeudan<\/em><\/strong>.<\/span><\/p>\n<p><span style=\"color: #000000;\">Se informa que <strong>las fechas de inscripci\u00f3n son desde del 3 de agosto hasta el 31 inclusive<\/strong>. Para inscribirse, hacer clic<\/span>\u00a0<a href=\"https:\/\/forms.gle\/iMSJLhkFUAkkX7xz6\">aqu\u00ed<\/a> <span style=\"color: #000000;\">o escanear el c\u00f3digo QR que se encuentra en el memor\u00e1ndum adjunto a esta nota. Para cualquier consulta, escribir a<\/span>\u00a0<a href=\"mailto:finestec.mza@gmail.com\">finestec.mza@gmail.com<\/a><\/p>\n<h5>\u2022F.B.<\/h5>\n","protected":false},"excerpt":{"rendered":"<p>A trav\u00e9s del programa FinesTec 2021, estudiantes que cursaron sexto a\u00f1o antes del ciclo lectivo 2020 y deben materias t\u00e9cnicas podr\u00e1n &#8230;<\/p>\n","protected":false},"author":8,"featured_media":95152,"comment_status":"open","ping_status":"open","sticky":false,"template":"","format":"standard","meta":{"footnotes":""},"categories":[5,18],"tags":[],"class_list":["post-95151","post","type-post","status-publish","format-standard","has-post-thumbnail","hentry","category-actualidad","category-educacion"],"_links":{"self":[{"href":"https:\/\/vinasfm.com\/noticias\/wp-json\/wp\/v2\/posts\/95151","targetHints":{"allow":["GET"]}}],"collection":[{"href":"https:\/\/vinasfm.com\/noticias\/wp-json\/wp\/v2\/posts"}],"about":[{"href":"https:\/\/vinasfm.com\/noticias\/wp-json\/wp\/v2\/types\/post"}],"author":[{"embeddable":true,"href":"https:\/\/vinasfm.com\/noticias\/wp-json\/wp\/v2\/users\/8"}],"replies":[{"embeddable":true,"href":"https:\/\/vinasfm.com\/noticias\/wp-json\/wp\/v2\/comments?post=95151"}],"version-history":[{"count":3,"href":"https:\/\/vinasfm.com\/noticias\/wp-json\/wp\/v2\/posts\/95151\/revisions"}],"predecessor-version":[{"id":95156,"href":"https:\/\/vinasfm.com\/noticias\/wp-json\/wp\/v2\/posts\/95151\/revisions\/95156"}],"wp:featuredmedia":[{"embeddable":true,"href":"https:\/\/vinasfm.com\/noticias\/wp-json\/wp\/v2\/media\/95152"}],"wp:attachment":[{"href":"https:\/\/vinasfm.com\/noticias\/wp-json\/wp\/v2\/media?parent=95151"}],"wp:term":[{"taxonomy":"category","embeddable":true,"href":"https:\/\/vinasfm.com\/noticias\/wp-json\/wp\/v2\/categories?post=95151"},{"taxonomy":"post_tag","embeddable":true,"href":"https:\/\/vinasfm.com\/noticias\/wp-json\/wp\/v2\/tags?post=95151"}],"curies":[{"name":"wp","href":"https:\/\/api.w.org\/{rel}","templated":true}]}}