{"id":95110,"date":"2021-08-10T00:01:12","date_gmt":"2021-08-10T03:01:12","guid":{"rendered":"http:\/\/vinasfm.com\/noticias\/?p=95110"},"modified":"2021-08-10T10:57:05","modified_gmt":"2021-08-10T13:57:05","slug":"como-sigue-este-martes-el-calendario-de-pago-a-beneficiarios-de-anses","status":"publish","type":"post","link":"https:\/\/vinasfm.com\/noticias\/como-sigue-este-martes-el-calendario-de-pago-a-beneficiarios-de-anses\/","title":{"rendered":"C\u00d3MO SIGUE ESTE MARTES EL CALENDARIO DE PAGO A BENEFICIARIOS DE ANSES"},"content":{"rendered":"<h4 style=\"font-weight: 400;\"><span style=\"color: #000000;\"><strong>Anses informa que hoy se abonan jubilaciones, pensiones, Asignaci\u00f3n Universal por Hijo, Asignaciones Familiares y los programas Progresar, Hogar, Alimentario PAMI y Repro II. Cabe destacar que este mes se deposita, junto con los haberes mensuales, el bono de 5000 pesos para titulares previsionales. As\u00ed, las personas que considerando la suma de todas sus prestaciones cobran hasta dos haberes m\u00ednimos (46.129,40 pesos) reciben el monto total y las que perciben entre 46.129,41 y 51.129,40 pesos, el equivalente hasta alcanzar esta \u00faltima cifra.<\/strong><\/span><\/h4>\n<p style=\"font-weight: 400;\"><span style=\"color: #000000;\"><strong>Jubilaciones\u00a0y\u00a0pensiones\u00a0<\/strong><\/span><\/p>\n<p style=\"font-weight: 400;\"><span style=\"color: #000000;\">Las sucursales bancarias habilitadas atender\u00e1n por ventanilla a jubilados, jubiladas, pensionados y pensionadas con documentos terminados en\u00a0<strong>1\u00a0<\/strong>cuyos<strong>\u00a0haberes NO SUPEREN la suma de 25.923 pesos<\/strong>.<\/span><\/p>\n<p style=\"font-weight: 400;\"><span style=\"color: #000000;\"><strong>Asignaci\u00f3n Universal por Hijo y Asignaci\u00f3n Familiar por Hijo<\/strong><\/span><\/p>\n<p style=\"font-weight: 400;\"><span style=\"color: #000000;\">Con la utilizaci\u00f3n de la tarjeta de d\u00e9bito,\u00a0<strong>hoy<\/strong>\u00a0perciben la Asignaci\u00f3n Universal por Hijo y la Asignaci\u00f3n Familiar por Hijo titulares con documentos concluidos en\u00a0<strong>1<\/strong>.<\/span><\/p>\n<p style=\"font-weight: 400;\"><span style=\"color: #000000;\"><strong>Asignaci\u00f3n por Embarazo<\/strong><\/span><\/p>\n<p style=\"font-weight: 400;\"><span style=\"color: #000000;\">Con la utilizaci\u00f3n de la tarjeta de d\u00e9bito,\u00a0<strong>hoy<\/strong>\u00a0cobran la Asignaci\u00f3n por Embarazo las titulares con documentos finalizados en\u00a0<strong>0<\/strong>.<\/span><\/p>\n<p style=\"font-weight: 400;\"><span style=\"color: #000000;\"><strong>Asignaciones por\u00a0Prenatal\u00a0y por Maternidad<\/strong><\/span><\/p>\n<p style=\"font-weight: 400;\"><span style=\"color: #000000;\">Las titulares de la Asignaci\u00f3n por\u00a0Prenatal\u00a0y Asignaci\u00f3n por Maternidad con documentos terminados en\u00a0<strong>0\u00a0<\/strong>y<strong>\u00a01<\/strong>\u00a0perciben hoy su prestaci\u00f3n.<\/span><\/p>\n<p style=\"font-weight: 400;\"><span style=\"color: #000000;\"><strong>Progresar<\/strong><\/span><\/p>\n<p style=\"font-weight: 400;\"><span style=\"color: #000000;\">Con Progresar, la ANSES y el Ministerio de Educaci\u00f3n garantizan el derecho de terminar los estudios a j\u00f3venes del pa\u00eds.\u00a0<strong>Hoy<\/strong>\u00a0cobran titulares con documentos concluidos en\u00a0<strong>0\u00a0<\/strong>y\u00a0<strong>1<\/strong>.<\/span><\/p>\n<p style=\"font-weight: 400;\"><span style=\"color: #000000;\"><strong>Programa Hogar<\/strong><\/span><\/p>\n<p style=\"font-weight: 400;\"><span style=\"color: #000000;\">La ANSES y la Secretar\u00eda de Energ\u00eda impulsan en conjunto el Programa Hogar, mediante el cual se otorga un subsidio para la compra de garrafas en viviendas que no est\u00e1n conectadas a la red de gas natural.\u00a0<strong>Hoy<\/strong>\u00a0cobran este beneficio las personas con documentos finalizados en\u00a0<strong>1<\/strong>.<\/span><\/p>\n<p style=\"font-weight: 400;\"><span style=\"color: #000000;\"><strong>Programa Alimentario PAMI<\/strong><\/span><\/p>\n<p style=\"font-weight: 400;\"><span style=\"color: #000000;\">En el marco del Programa Alimentario PAMI, la ANSES abona\u00a0<strong>hoy<\/strong>\u00a0el pago extraordinario equivalente al monto del bols\u00f3n de alimentos para jubilados, jubiladas, pensionados y pensionadas con documentos terminados en\u00a0<strong>1\u00a0<\/strong>cuyos<strong>\u00a0haberes NO SUPEREN la suma de 25.923 pesos<\/strong>. Para m\u00e1s informaci\u00f3n se puede ingresar a<\/span>\u00a0<a href=\"http:\/\/www.pami.org.ar\/programa-alimentario\" data-saferedirecturl=\"https:\/\/www.google.com\/url?q=http:\/\/www.pami.org.ar\/programa-alimentario&amp;source=gmail&amp;ust=1628681855539000&amp;usg=AFQjCNEuzvbwfb6oVdunSKgHm4szaNpIsA\">www.pami.org.ar\/programa-alimentario<\/a>.<\/p>\n<p style=\"font-weight: 400;\"><span style=\"color: #000000;\"><strong>Programa Repro II<\/strong><\/span><\/p>\n<p style=\"font-weight: 400;\"><span style=\"color: #000000;\"><strong>Hoy se abona el pago a las y los beneficiarios del Programa de Recuperaci\u00f3n Productiva II (REPRO II) de la AFIP<\/strong>, para dar alivio econ\u00f3mico a las compa\u00f1\u00edas y al personal afectado por la ca\u00edda de la actividad debido al Covid-19.<\/span><\/p>\n<h5><span style=\"color: #000000;\">F.B.<\/span><\/h5>\n","protected":false},"excerpt":{"rendered":"<p>Anses informa que hoy se abonan jubilaciones, pensiones, Asignaci\u00f3n Universal por Hijo, Asignaciones Familiares y los programas Progresar, Hogar, Alimentario PAMI &#8230;<\/p>\n","protected":false},"author":8,"featured_media":7779,"comment_status":"open","ping_status":"open","sticky":false,"template":"","format":"standard","meta":{"footnotes":""},"categories":[5,50],"tags":[],"class_list":["post-95110","post","type-post","status-publish","format-standard","has-post-thumbnail","hentry","category-actualidad","category-anses"],"_links":{"self":[{"href":"https:\/\/vinasfm.com\/noticias\/wp-json\/wp\/v2\/posts\/95110","targetHints":{"allow":["GET"]}}],"collection":[{"href":"https:\/\/vinasfm.com\/noticias\/wp-json\/wp\/v2\/posts"}],"about":[{"href":"https:\/\/vinasfm.com\/noticias\/wp-json\/wp\/v2\/types\/post"}],"author":[{"embeddable":true,"href":"https:\/\/vinasfm.com\/noticias\/wp-json\/wp\/v2\/users\/8"}],"replies":[{"embeddable":true,"href":"https:\/\/vinasfm.com\/noticias\/wp-json\/wp\/v2\/comments?post=95110"}],"version-history":[{"count":1,"href":"https:\/\/vinasfm.com\/noticias\/wp-json\/wp\/v2\/posts\/95110\/revisions"}],"predecessor-version":[{"id":95150,"href":"https:\/\/vinasfm.com\/noticias\/wp-json\/wp\/v2\/posts\/95110\/revisions\/95150"}],"wp:featuredmedia":[{"embeddable":true,"href":"https:\/\/vinasfm.com\/noticias\/wp-json\/wp\/v2\/media\/7779"}],"wp:attachment":[{"href":"https:\/\/vinasfm.com\/noticias\/wp-json\/wp\/v2\/media?parent=95110"}],"wp:term":[{"taxonomy":"category","embeddable":true,"href":"https:\/\/vinasfm.com\/noticias\/wp-json\/wp\/v2\/categories?post=95110"},{"taxonomy":"post_tag","embeddable":true,"href":"https:\/\/vinasfm.com\/noticias\/wp-json\/wp\/v2\/tags?post=95110"}],"curies":[{"name":"wp","href":"https:\/\/api.w.org\/{rel}","templated":true}]}}