{"id":95075,"date":"2021-08-09T23:50:28","date_gmt":"2021-08-10T02:50:28","guid":{"rendered":"http:\/\/vinasfm.com\/noticias\/?p=95075"},"modified":"2021-08-10T08:41:01","modified_gmt":"2021-08-10T11:41:01","slug":"el-gobierno-de-mendoza-incremento-40-el-incentivo-economico-para-quienes-participen-en-enlace","status":"publish","type":"post","link":"https:\/\/vinasfm.com\/noticias\/el-gobierno-de-mendoza-incremento-40-el-incentivo-economico-para-quienes-participen-en-enlace\/","title":{"rendered":"EL GOBIERNO DE MENDOZA INCREMENT\u00d3 40% EL INCENTIVO ECON\u00d3MICO PARA QUIENES PARTICIPEN EN ENLACE"},"content":{"rendered":"<h4><span style=\"color: #000000;\"><strong>El est\u00edmulo pasar\u00e1 de $10.000 a $14.000 a partir de agosto y ser\u00e1 absorbido por el Estado provincial para que el aporte privado siga siendo el mismo. Hab\u00eda comenzado en $7.000 el a\u00f1o pasado.<\/strong><\/span><\/h4>\n<p><span style=\"color: #000000;\">El <strong>Gobierno de Mendoza<\/strong>, a trav\u00e9s de la Direcci\u00f3n Provincial de Empleo y Capacitaci\u00f3n, dependiente del Ministerio de Econom\u00eda y Energ\u00eda, inform\u00f3 que, a partir de agosto, todas las personas que forman parte del programa de Entrenamiento Laboral Certificado (Enlace) obtendr\u00e1n un incremento de 40% ($4.000) en el incentivo econ\u00f3mico que ven\u00edan percibiendo.\u00a0<\/span><\/p>\n<p><span style=\"color: #000000;\">\u201c<strong><em>El aumento ser\u00e1 absorbido \u00edntegramente por la Provincia. Las empresas, comercios y negocios van a seguir aportando el mismo monto que ven\u00edan realizando<\/em><\/strong>\u201d, coment\u00f3 <strong>Emilce Vega Espinoza<\/strong>, titular de la Direcci\u00f3n Provincial de Empleo.\u00a0<\/span><\/p>\n<p><span style=\"color: #000000;\">De esta manera, todos aquellos que ven\u00edan percibiendo $10.000 como incentivo econ\u00f3mico al entrenamiento brindado por empresas mendocinas, comenzar\u00e1n a recibir desde agosto $14.000 por 20 horas de entrenamiento semanales. Este \u00faltimo monto estar\u00e1 comprendido, en el caso de tratarse de empresas micro (0 a 5 empleados), por $13.000 de aporte provincial y $1.000 por parte de la empresa.\u00a0<\/span><\/p>\n<p><span style=\"color: #000000;\">En caso que se trate de una empresa peque\u00f1a (6 a 11 empleados), el incentivo econ\u00f3mico estar\u00e1 comprendido por $12.000 de aporte provincial y $2.000 por parte de la empresa, mientras que en el caso de una empresa mediana (12 a 25 empleados), el aporte por parte del estado ser\u00e1 de $10.500, mientras que los restantes $2.500 deber\u00e1n ser cubiertos por el empresario.\u00a0\u00a0\u00a0\u00a0<\/span><\/p>\n<p><span style=\"color: #000000;\">Por \u00faltimo, si se trata de una empresa que cuenta con m\u00e1s de 26 empleados (grande), la distribuci\u00f3n del incentivo econ\u00f3mico ser\u00e1 de $10.500 por parte del Gobierno de Mendoza, mientras que los restantes $3.500 ser\u00e1n aportados por el sector privado.\u00a0<\/span><\/p>\n<p><span style=\"color: #000000;\">Enlace naci\u00f3 en plena pandemia y permite, mediante un proceso de aprendizaje pr\u00e1ctico desarrollado en ambientes laborales concretos, que las personas sin trabajo estable puedan mejorar sus condiciones de empleabilidad y fortalecer as\u00ed sus posibilidades de inserci\u00f3n laboral genuina.<\/span><\/p>\n<p><span style=\"color: #000000;\">El ministro de Econom\u00eda y Energ\u00eda, Enrique Vaqui\u00e9, coment\u00f3 al respecto: \u201c<strong><em>Con Enlace logramos complementar el programa nacional de empleo destinado a j\u00f3venes de 18 a 24 a\u00f1os de edad con secundario incompleto. Nosotros ampliamos esa brecha etaria y la extendimos hasta 55 a\u00f1os, con el agregado de que nuestros destinatarios deb\u00edan tener secundario completo o estudios superiores. As\u00ed cerramos esta primera etapa con 2.300 personas entrenadas<\/em><\/strong>\u201d, a\u00f1adi\u00f3.<\/span><\/p>\n<p><span style=\"color: #000000;\">\u201c<strong><em>Ahora, con Enlazados, redoblamos la apuesta, ya que permitir\u00e1 la incorporaci\u00f3n al mercado laboral formal de los empleados que fueron capacitados mediante Enlace, con un cupo semestral de hasta 3.500 personas. El Gobierno de Mendoza abonar\u00e1 el equivalente al salario m\u00ednimo, vital y m\u00f3vil de forma mensual por cada trabajador\/a nuevo<\/em><\/strong>\u201d, a\u00f1adi\u00f3 el titular de la cartera econ\u00f3mica.<\/span><\/p>\n<p><span style=\"color: #000000;\"><strong>Informes e inscripciones<\/strong><\/span><\/p>\n<p><span style=\"color: #000000;\">Los interesados en ser parte en la propuesta deben ingresar a<\/span>\u00a0<a href=\"http:\/\/www.mendoza.gov.ar\/economia\" target=\"_blank\" rel=\"noreferrer noopener\">www.mendoza.gov.ar\/economia<\/a>, <span style=\"color: #000000;\">hacer clic en el bot\u00f3n \u201cPrograma Enlace\u201d y luego optar por la opci\u00f3n personas o empresas.<\/span><\/p>\n<p><span style=\"color: #000000;\">Desde la Direcci\u00f3n de Empleo y Capacitaci\u00f3n pusieron a disposici\u00f3n adem\u00e1s el correo electr\u00f3nico<\/span>\u00a0<a href=\"mailto:empleoycapacitacion@mendoza.gov.ar\" target=\"_blank\" rel=\"noreferrer noopener\">empleoycapacitacion@mendoza.gov.ar<\/a>, <span style=\"color: #000000;\">para consultas.<\/span><\/p>\n<h5>F.B.<\/h5>\n","protected":false},"excerpt":{"rendered":"<p>El est\u00edmulo pasar\u00e1 de $10.000 a $14.000 a partir de agosto y ser\u00e1 absorbido por el Estado provincial para que el &#8230;<\/p>\n","protected":false},"author":8,"featured_media":95076,"comment_status":"open","ping_status":"open","sticky":false,"template":"","format":"standard","meta":{"footnotes":""},"categories":[5,10,16],"tags":[],"class_list":["post-95075","post","type-post","status-publish","format-standard","has-post-thumbnail","hentry","category-actualidad","category-destacadas","category-economia"],"_links":{"self":[{"href":"https:\/\/vinasfm.com\/noticias\/wp-json\/wp\/v2\/posts\/95075","targetHints":{"allow":["GET"]}}],"collection":[{"href":"https:\/\/vinasfm.com\/noticias\/wp-json\/wp\/v2\/posts"}],"about":[{"href":"https:\/\/vinasfm.com\/noticias\/wp-json\/wp\/v2\/types\/post"}],"author":[{"embeddable":true,"href":"https:\/\/vinasfm.com\/noticias\/wp-json\/wp\/v2\/users\/8"}],"replies":[{"embeddable":true,"href":"https:\/\/vinasfm.com\/noticias\/wp-json\/wp\/v2\/comments?post=95075"}],"version-history":[{"count":1,"href":"https:\/\/vinasfm.com\/noticias\/wp-json\/wp\/v2\/posts\/95075\/revisions"}],"predecessor-version":[{"id":95078,"href":"https:\/\/vinasfm.com\/noticias\/wp-json\/wp\/v2\/posts\/95075\/revisions\/95078"}],"wp:featuredmedia":[{"embeddable":true,"href":"https:\/\/vinasfm.com\/noticias\/wp-json\/wp\/v2\/media\/95076"}],"wp:attachment":[{"href":"https:\/\/vinasfm.com\/noticias\/wp-json\/wp\/v2\/media?parent=95075"}],"wp:term":[{"taxonomy":"category","embeddable":true,"href":"https:\/\/vinasfm.com\/noticias\/wp-json\/wp\/v2\/categories?post=95075"},{"taxonomy":"post_tag","embeddable":true,"href":"https:\/\/vinasfm.com\/noticias\/wp-json\/wp\/v2\/tags?post=95075"}],"curies":[{"name":"wp","href":"https:\/\/api.w.org\/{rel}","templated":true}]}}