{"id":95061,"date":"2021-08-09T10:28:07","date_gmt":"2021-08-09T13:28:07","guid":{"rendered":"http:\/\/vinasfm.com\/noticias\/?p=95061"},"modified":"2021-08-09T21:06:24","modified_gmt":"2021-08-10T00:06:24","slug":"zona-sur-se-arreglaran-mas-de-100-escuelas-con-una-inversion-de-200-millones","status":"publish","type":"post","link":"https:\/\/vinasfm.com\/noticias\/zona-sur-se-arreglaran-mas-de-100-escuelas-con-una-inversion-de-200-millones\/","title":{"rendered":"ZONA SUR: SE ARREGLAR\u00c1N M\u00c1S DE 100 ESCUELAS CON UNA INVERSI\u00d3N DE $200 MILLONES"},"content":{"rendered":"<h4><span style=\"color: #000000;\"><strong>Con el objetivo de darle continuidad a un plan de reparaciones y mantenimiento de escuelas que abarca las cinco regionales de la provincia, la Subsecretar\u00eda de Infraestructura Escolar comenzar\u00e1 en setiembre la reparaci\u00f3n de m\u00e1s de 100 establecimientos del sur provincial.<\/strong><\/span><\/h4>\n<p><span style=\"color: #000000;\">Estos arreglos apuntan a mejorar las condiciones edilicias de las escuelas con vistas lo que resta del ciclo lectivo 2021 y durante todo 2022.<\/span><\/p>\n<p><span style=\"color: #000000;\">En este sentido, <strong>las obras se realizar\u00e1n en inmuebles de San Rafael, General<\/strong><\/span><br \/>\n<span style=\"color: #000000;\"><strong>Alvear y Malarg\u00fce<\/strong>, cuyos edificios necesitan en la actualidad de la continuidad de sus respectivos mantenimientos peri\u00f3dicos.<\/span><\/p>\n<p><span style=\"color: #000000;\">Estas reparaciones se har\u00e1n en establecimientos educativos que requieren con cierta urgencia de las intervenciones desde hace un tiempo o que surgieron hace poco, debido a que por estos d\u00edas, presentan inconvenientes como filtraciones de techos, adem\u00e1s de falencias en los sistemas el\u00e9ctricos, instalaciones cloacales y conexiones sanitarias, entre otros.<\/span><\/p>\n<p><span style=\"color: #000000;\">Las obras contar\u00e1n con una inversi\u00f3n oficial total que alcanza los $200 millones, que ser\u00e1n financiados \u00edntegramente con fondos provinciales. Se llevar\u00e1n adelante a trav\u00e9s de coeficientes de impacto zonales, que ser\u00e1n licitados entre el 12 y 23 de agosto.<\/span><\/p>\n<p><span style=\"color: #000000;\">Se trata de ocho coeficientes de impacto zonales que contemplan estas tareas y ser\u00e1n licitados p\u00fablicamente. Cada paquete de tareas contar\u00e1 con una inversi\u00f3n promedio de casi $30 millones y abarcar\u00e1 establecimientos escolares de todo el Sur provincial. Las intervenciones demandar\u00e1n un plazo de ejecuci\u00f3n previsto de 450 d\u00edas corridos, tiempo que podr\u00eda variar seg\u00fan el ritmo de obra que lleve cada firma contratista.<\/span><\/p>\n<p><span style=\"color: #000000;\">Las empresas constructoras y de servicios interesadas en abordar los trabajos en el Sur deber\u00e1n consultar los correspondientes pliegos con el subdirector de Mantenimiento y Reparaciones de escuelas, Emilio Pastorino, al correo <a href=\"mailto:epastorino@mendoza.gov.ar\">epastorino@mendoza.gov.ar<\/a>. Tambi\u00e9n se har\u00e1 la entrega de la documentaci\u00f3n v\u00eda correo electr\u00f3nico.<\/span><\/p>\n<p><span style=\"color: #000000;\">En este sentido, los actos de recepci\u00f3n y apertura de propuestas se realizar\u00e1n en la Delegaci\u00f3n Sur de la Subsecretar\u00eda de Infraestructura Escolar ubicada en Alberdi 37, en plena ciudad de San Rafael.<\/span><\/p>\n<h4><span style=\"color: #000000;\"><strong>Un plan iniciado en 2020<\/strong><\/span><\/h4>\n<p><span style=\"color: #000000;\">Estas intervenciones que se licitar\u00e1n en breve para las escuelas del Sur provincial se sumar\u00e1n a un plan de reparaciones de establecimientos escolares que viene ejecutando Infraestructura Escolar desde que comenz\u00f3 2020.<\/span><\/p>\n<p><span style=\"color: #000000;\">En este sentido, se vienen arreglando m\u00e1s de 1.000 establecimientos, con una inversi\u00f3n que supera los $650 millones. En este paquete tambi\u00e9n aparecen reparaciones menores y de calefacci\u00f3n, incluidas las de calderas en los inmuebles educativos que las utilizan en \u00e9pocas invernales.<\/span><\/p>\n<p><span style=\"color: #000000;\">Las obras terminar\u00e1n beneficiando a m\u00e1s de 400.000 alumnos de nivel inicial, primario y secundario de las cinco regionales que componen la provincia.<\/span><\/p>\n<p><span style=\"color: #000000;\">La mayor\u00eda de estos trabajos se est\u00e1n haciendo en los departamentos del Gran Mendoza, pero tambi\u00e9n hay ejecuciones en escuelas del Valle de Uco, el Este y Sur provincial. De esta manera, se est\u00e1n atendiendo las necesidades en establecimientos de todo el territorio mendocino.<\/span><\/p>\n<p><span style=\"color: #000000;\">En todos los casos, las tareas vienen siendo solicitadas desde hace un largo<\/span><br \/>\n<span style=\"color: #000000;\">tiempo por sus respectivas comunidades educativas. Es por esto que<\/span><br \/>\n<span style=\"color: #000000;\">Infraestructura Escolar puso en marcha esta tercera etapa del plan de<\/span><br \/>\n<span style=\"color: #000000;\">reparaciones, que se extender\u00e1 hasta fines de 2022.<\/span><\/p>\n<h5>\u2022F.B.<\/h5>\n","protected":false},"excerpt":{"rendered":"<p>Con el objetivo de darle continuidad a un plan de reparaciones y mantenimiento de escuelas que abarca las cinco regionales de &#8230;<\/p>\n","protected":false},"author":8,"featured_media":95064,"comment_status":"open","ping_status":"open","sticky":false,"template":"","format":"standard","meta":{"footnotes":""},"categories":[5,18],"tags":[],"class_list":["post-95061","post","type-post","status-publish","format-standard","has-post-thumbnail","hentry","category-actualidad","category-educacion"],"_links":{"self":[{"href":"https:\/\/vinasfm.com\/noticias\/wp-json\/wp\/v2\/posts\/95061","targetHints":{"allow":["GET"]}}],"collection":[{"href":"https:\/\/vinasfm.com\/noticias\/wp-json\/wp\/v2\/posts"}],"about":[{"href":"https:\/\/vinasfm.com\/noticias\/wp-json\/wp\/v2\/types\/post"}],"author":[{"embeddable":true,"href":"https:\/\/vinasfm.com\/noticias\/wp-json\/wp\/v2\/users\/8"}],"replies":[{"embeddable":true,"href":"https:\/\/vinasfm.com\/noticias\/wp-json\/wp\/v2\/comments?post=95061"}],"version-history":[{"count":2,"href":"https:\/\/vinasfm.com\/noticias\/wp-json\/wp\/v2\/posts\/95061\/revisions"}],"predecessor-version":[{"id":95066,"href":"https:\/\/vinasfm.com\/noticias\/wp-json\/wp\/v2\/posts\/95061\/revisions\/95066"}],"wp:featuredmedia":[{"embeddable":true,"href":"https:\/\/vinasfm.com\/noticias\/wp-json\/wp\/v2\/media\/95064"}],"wp:attachment":[{"href":"https:\/\/vinasfm.com\/noticias\/wp-json\/wp\/v2\/media?parent=95061"}],"wp:term":[{"taxonomy":"category","embeddable":true,"href":"https:\/\/vinasfm.com\/noticias\/wp-json\/wp\/v2\/categories?post=95061"},{"taxonomy":"post_tag","embeddable":true,"href":"https:\/\/vinasfm.com\/noticias\/wp-json\/wp\/v2\/tags?post=95061"}],"curies":[{"name":"wp","href":"https:\/\/api.w.org\/{rel}","templated":true}]}}