{"id":94888,"date":"2021-08-05T23:56:09","date_gmt":"2021-08-06T02:56:09","guid":{"rendered":"http:\/\/vinasfm.com\/noticias\/?p=94888"},"modified":"2021-08-06T08:50:44","modified_gmt":"2021-08-06T11:50:44","slug":"tiempo-habran-bajas-temperaturas-para-el-fin-de-semana","status":"publish","type":"post","link":"https:\/\/vinasfm.com\/noticias\/tiempo-habran-bajas-temperaturas-para-el-fin-de-semana\/","title":{"rendered":"\u00bfVUELVE EL FR\u00cdO?: AS\u00cd ESTAR\u00c1 EL TIEMPO ESTE FIN DE SEMANA EN ALVEAR"},"content":{"rendered":"<h4><strong><span style=\"color: #000000;\">Esta primera semana de agosto comenz\u00f3 con temperaturas agradables y este fin de semana tendremos una baja de temperaturas, ingresa frente frio y vientos moderado. Maximas que llegan a los 23\u00b0C y m\u00ednimas de 5\u00b0C.<\/span><\/strong><\/h4>\n<p><span style=\"color: #000000;\">Hoy<\/span><span style=\"color: #000000;\">\u00a0<em><strong>viernes<\/strong><\/em>, tendremos cielo con nubosidad poco cambio de la temperatura, vientos leves del noreste. <em><strong>M\u00e1xima de 23\u00b0C y m\u00ednimas de 6\u00b0C.<\/strong><\/em><\/span><\/p>\n<p><span style=\"color: #000000;\">Para el d\u00eda <em><strong>s\u00e1bado<\/strong><\/em> descenso de la temperatura, vientos moderados del sector sur y tendremos ingreso de frente fr\u00edo. <em><strong>M\u00e1ximas de 19\u00b0C y m\u00ednimas de 6\u00b0C.<\/strong><\/em><\/span><\/p>\n<p><span style=\"color: #000000;\">Cerrando el <em><strong>domingo<\/strong><\/em> tendremos un leve descenso de la temperatura y viendo del sudeste. <em><strong>M\u00e1xima de 13\u00b0C y m\u00ednimas de 5\u00b0C.<\/strong><\/em><\/span><\/p>\n<h5><span style=\"color: #000000;\">\u2022C.F.<\/span><\/h5>\n","protected":false},"excerpt":{"rendered":"<p>Esta primera semana de agosto comenz\u00f3 con temperaturas agradables y este fin de semana tendremos una baja de temperaturas, ingresa frente &#8230;<\/p>\n","protected":false},"author":7,"featured_media":94907,"comment_status":"open","ping_status":"open","sticky":false,"template":"","format":"standard","meta":{"footnotes":""},"categories":[5,36],"tags":[],"class_list":["post-94888","post","type-post","status-publish","format-standard","has-post-thumbnail","hentry","category-actualidad","category-pronostico"],"_links":{"self":[{"href":"https:\/\/vinasfm.com\/noticias\/wp-json\/wp\/v2\/posts\/94888","targetHints":{"allow":["GET"]}}],"collection":[{"href":"https:\/\/vinasfm.com\/noticias\/wp-json\/wp\/v2\/posts"}],"about":[{"href":"https:\/\/vinasfm.com\/noticias\/wp-json\/wp\/v2\/types\/post"}],"author":[{"embeddable":true,"href":"https:\/\/vinasfm.com\/noticias\/wp-json\/wp\/v2\/users\/7"}],"replies":[{"embeddable":true,"href":"https:\/\/vinasfm.com\/noticias\/wp-json\/wp\/v2\/comments?post=94888"}],"version-history":[{"count":6,"href":"https:\/\/vinasfm.com\/noticias\/wp-json\/wp\/v2\/posts\/94888\/revisions"}],"predecessor-version":[{"id":94966,"href":"https:\/\/vinasfm.com\/noticias\/wp-json\/wp\/v2\/posts\/94888\/revisions\/94966"}],"wp:featuredmedia":[{"embeddable":true,"href":"https:\/\/vinasfm.com\/noticias\/wp-json\/wp\/v2\/media\/94907"}],"wp:attachment":[{"href":"https:\/\/vinasfm.com\/noticias\/wp-json\/wp\/v2\/media?parent=94888"}],"wp:term":[{"taxonomy":"category","embeddable":true,"href":"https:\/\/vinasfm.com\/noticias\/wp-json\/wp\/v2\/categories?post=94888"},{"taxonomy":"post_tag","embeddable":true,"href":"https:\/\/vinasfm.com\/noticias\/wp-json\/wp\/v2\/tags?post=94888"}],"curies":[{"name":"wp","href":"https:\/\/api.w.org\/{rel}","templated":true}]}}