{"id":94612,"date":"2021-08-02T23:59:22","date_gmt":"2021-08-03T02:59:22","guid":{"rendered":"http:\/\/vinasfm.com\/noticias\/?p=94612"},"modified":"2021-08-03T11:39:08","modified_gmt":"2021-08-03T14:39:08","slug":"con-victoria-de-bruno-del-pozo-en-sport-4-volvieron-las-tradicionales-al-victor-garcia","status":"publish","type":"post","link":"https:\/\/vinasfm.com\/noticias\/con-victoria-de-bruno-del-pozo-en-sport-4-volvieron-las-tradicionales-al-victor-garcia\/","title":{"rendered":"CON VICTORIA DE BRUNO DEL POZO EN SPORT 4 VOLVIERON LAS TRADICIONALES AL V\u00cdCTOR GARC\u00cdA"},"content":{"rendered":"<h4><span style=\"color: #000000;\"><strong>Volvi\u00f3 el automovilismo al V\u00edctor Garc\u00eda con una participaci\u00f3n de 112 inscriptos en las seis categor\u00edas de las Tradicionales. El Sport 4 fue la divisi\u00f3n m\u00e1s convocante y tuvo la victoria del realpadrino Bruno del Pozo.<\/strong><\/span><\/h4>\n<p><span style=\"color: #000000;\">Este domingo se llev\u00f3 a cabo una nueva edici\u00f3n de las Tradicionales en el Aut\u00f3dromo V\u00edctor Garc\u00eda. <strong>Despu\u00e9s de m\u00e1s de un a\u00f1o sin competencia en Alvear, las 6 categor\u00edas contaron con una participaci\u00f3n de 112 pilotos y una importante cantidad de p\u00fablico<\/strong>, en el marco de las limitaciones para evitar una afluencia masiva de espectadores.<\/span><\/p>\n<p><span style=\"color: #000000;\"><strong>En Sport 4, la categor\u00eda m\u00e1s popular en el departamento y con mayor participaci\u00f3n de corredores, el campe\u00f3n defensor Bruno del Pozo fue el ganador de su serie (la m\u00e1s lenta) y la final.<\/strong> Superando r\u00e1pidamente a Rom\u00e1n Majstruk, logr\u00f3 sacar una importante diferencia con sus perseguidores. Y pese a un auto de seguridad que ingres\u00f3 a pocas vueltas del final, <strong>el realpadrino logr\u00f3 defender su posici\u00f3n en un final confuso, en el que la mayor\u00eda de los pilotos siguieron a fondo durante una vuelta despu\u00e9s del final de la carrera.<\/strong><\/span><\/p>\n<p><span style=\"color: #000000;\">Final Sport 4:<\/span><\/p>\n<ol>\n<li><span style=\"color: #000000;\"><strong>Bruno del Pozo.<\/strong><\/span><\/li>\n<li><span style=\"color: #000000;\"><strong>Rom\u00e1n Majstruk.<\/strong><\/span><\/li>\n<li><span style=\"color: #000000;\"><strong>Rodrigo Kaluk.<\/strong><\/span><\/li>\n<li><span style=\"color: #000000;\"><strong>N\u00e9stor Imberti.<\/strong><\/span><\/li>\n<li><span style=\"color: #000000;\"><strong>Gustavo Olalla.<\/strong><\/span><\/li>\n<\/ol>\n<p><span style=\"color: #000000;\">Por otra parte, en la final de la 850, el Doctor Lucas Fosco fue el ganador y estos fueron los integrantes del podio:<\/span><\/p>\n<ol>\n<li><span style=\"color: #000000;\"><strong>Lucas Fosco.<\/strong><\/span><\/li>\n<li><span style=\"color: #000000;\"><strong>Fernando Sosa.<\/strong><\/span><\/li>\n<li><span style=\"color: #000000;\"><strong>Franco Bonino.<\/strong><\/span><\/li>\n<li><span style=\"color: #000000;\"><strong>Mat\u00edas Luchezze.<\/strong><\/span><\/li>\n<li><span style=\"color: #000000;\"><strong>Alihuen Casanoves.<\/strong><\/span><\/li>\n<\/ol>\n<p><span style=\"color: #000000;\">La F\u00f3rmula 1100, otra categor\u00eda con una interesante convocatoria de m\u00e1s de 20 pilotos, tuvo al alvearense Angel &#8216;Lito&#8217; Rubio en el podio, quien adem\u00e1s asegur\u00f3 que fue perjudicado en su serie ya que fue adelantado antes de lo permitido en el relanzamiento de la bater\u00eda. Estos fueron los mejores 5:<\/span><\/p>\n<ol>\n<li><span style=\"color: #000000;\"><strong>Humberto Camiletti.<\/strong><\/span><\/li>\n<li><span style=\"color: #000000;\"><strong>Angel Rubio.<\/strong><\/span><\/li>\n<li><span style=\"color: #000000;\"><strong>Germ\u00e1n Girardelo.<\/strong><\/span><\/li>\n<li><span style=\"color: #000000;\"><strong>Agust\u00edn Casatta.<\/strong><\/span><\/li>\n<li><span style=\"color: #000000;\"><strong>Juan Carlos Araya.<\/strong><\/span><\/li>\n<\/ol>\n<p><span style=\"color: #000000;\">En el TC Juniors, un alvearense protagoniz\u00f3 una de las remontadas de la tarde en el panor\u00e1mico V\u00edctor Garc\u00eda. Se trata de Nelson Gonz\u00e1lez, quien por un vuelco en la serie larg\u00f3 \u00faltimo la final y termin\u00f3 6to.<\/span><\/p>\n<ol>\n<li><span style=\"color: #000000;\"><strong>V\u00edctor Becerra.<\/strong><\/span><\/li>\n<li><span style=\"color: #000000;\"><strong>Javier Fama.<\/strong><\/span><\/li>\n<li><span style=\"color: #000000;\"><strong>Lucas Francese.<\/strong><\/span><\/li>\n<li><span style=\"color: #000000;\"><strong>Walter Sergio Sammito.<\/strong><\/span><\/li>\n<li><span style=\"color: #000000;\"><strong>Sebasti\u00e1n Fusari.<\/strong><\/span><\/li>\n<\/ol>\n<p><span style=\"color: #000000;\">El TC Tradicional tuvo otra de las definiciones atrapantes este domingo, ya que Pablo Catana, quien por un problema mec\u00e1nico tuvo una mala serie y larg\u00f3 desde el fondo la carrera decisiva, lleg\u00f3 a pelear por la victoria. Sin embargo, Coqui Maggini con un buen trabajo y esquivando rezagados en el final, se qued\u00f3 con el primer puesto.<\/span><\/p>\n<ol>\n<li><span style=\"color: #000000;\"><strong>Coqui Maggini<\/strong><\/span><\/li>\n<li><span style=\"color: #000000;\"><strong>Pablo Catana<\/strong><\/span><\/li>\n<li><span style=\"color: #000000;\"><strong>Ra\u00fal Vicente<\/strong><\/span><\/li>\n<li><span style=\"color: #000000;\"><strong>Ricardo Moreno<\/strong><\/span><\/li>\n<li><span style=\"color: #000000;\"><strong>Rub\u00e9n Vicente.<\/strong><\/span><\/li>\n<\/ol>\n<p><span style=\"color: #000000;\">En cuanto a la novedad de esta temporada, la Monomarca FIAT volvi\u00f3 a integrar la competencia de las Tradicionales con estas posiciones:<\/span><\/p>\n<ol>\n<li><span style=\"color: #000000;\"><strong>Octavio Zangrandi<\/strong><\/span><\/li>\n<li><span style=\"color: #000000;\"><strong>Juan Pablo Fama<\/strong><\/span><\/li>\n<li><span style=\"color: #000000;\"><strong>Mat\u00edas Fern\u00e1ndez<\/strong><\/span><\/li>\n<li><span style=\"color: #000000;\"><strong>Mat\u00edas Carre\u00f1o<\/strong><\/span><\/li>\n<li><span style=\"color: #000000;\"><strong>Esteban Alejandro Leone.<\/strong><\/span><\/li>\n<\/ol>\n<h5><span style=\"color: #000000;\">\u2022<strong>L.A.<\/strong><\/span><\/h5>\n","protected":false},"excerpt":{"rendered":"<p>Volvi\u00f3 el automovilismo al V\u00edctor Garc\u00eda con una participaci\u00f3n de 112 inscriptos en las seis categor\u00edas de las Tradicionales. El Sport &#8230;<\/p>\n","protected":false},"author":7,"featured_media":94616,"comment_status":"open","ping_status":"open","sticky":false,"template":"","format":"standard","meta":{"footnotes":""},"categories":[5,3],"tags":[],"class_list":["post-94612","post","type-post","status-publish","format-standard","has-post-thumbnail","hentry","category-actualidad","category-deportes"],"_links":{"self":[{"href":"https:\/\/vinasfm.com\/noticias\/wp-json\/wp\/v2\/posts\/94612","targetHints":{"allow":["GET"]}}],"collection":[{"href":"https:\/\/vinasfm.com\/noticias\/wp-json\/wp\/v2\/posts"}],"about":[{"href":"https:\/\/vinasfm.com\/noticias\/wp-json\/wp\/v2\/types\/post"}],"author":[{"embeddable":true,"href":"https:\/\/vinasfm.com\/noticias\/wp-json\/wp\/v2\/users\/7"}],"replies":[{"embeddable":true,"href":"https:\/\/vinasfm.com\/noticias\/wp-json\/wp\/v2\/comments?post=94612"}],"version-history":[{"count":4,"href":"https:\/\/vinasfm.com\/noticias\/wp-json\/wp\/v2\/posts\/94612\/revisions"}],"predecessor-version":[{"id":94625,"href":"https:\/\/vinasfm.com\/noticias\/wp-json\/wp\/v2\/posts\/94612\/revisions\/94625"}],"wp:featuredmedia":[{"embeddable":true,"href":"https:\/\/vinasfm.com\/noticias\/wp-json\/wp\/v2\/media\/94616"}],"wp:attachment":[{"href":"https:\/\/vinasfm.com\/noticias\/wp-json\/wp\/v2\/media?parent=94612"}],"wp:term":[{"taxonomy":"category","embeddable":true,"href":"https:\/\/vinasfm.com\/noticias\/wp-json\/wp\/v2\/categories?post=94612"},{"taxonomy":"post_tag","embeddable":true,"href":"https:\/\/vinasfm.com\/noticias\/wp-json\/wp\/v2\/tags?post=94612"}],"curies":[{"name":"wp","href":"https:\/\/api.w.org\/{rel}","templated":true}]}}