{"id":94510,"date":"2021-07-30T10:28:45","date_gmt":"2021-07-30T13:28:45","guid":{"rendered":"http:\/\/vinasfm.com\/noticias\/?p=94510"},"modified":"2021-08-02T08:37:27","modified_gmt":"2021-08-02T11:37:27","slug":"cecsagal-cumplio-70-anos-de-crecimiento-constante-solidario-y-cooperativo","status":"publish","type":"post","link":"https:\/\/vinasfm.com\/noticias\/cecsagal-cumplio-70-anos-de-crecimiento-constante-solidario-y-cooperativo\/","title":{"rendered":"CECSAGAL CUMPLI\u00d3 70 A\u00d1OS DE CRECIMIENTO CONSTANTE, SOLIDARIO Y COOPERATIVO"},"content":{"rendered":"<h4><span style=\"color: #000000;\"><strong>Este jueves 29 de Julio,\u00a0<span class=\"il\">Cecsagal<\/span>\u00a0celebr\u00f3 sus siete d\u00e9cadas, toda una historia de crecimiento y desarrollo junto a la regi\u00f3n, siempre portando la bandera del cooperativismo.<\/strong><\/span><\/h4>\n<p><span style=\"color: #000000;\">Con la presencia del <strong>Presidente de\u00a0<span class=\"il\">Cecsagal<\/span>\u00a0H\u00e9ctor Ambrosini<\/strong>, el <strong>Vicepresidente Gustavo Rubio<\/strong>, el <strong>Secretario N\u00e9stor S\u00e1nchez<\/strong>, los<strong> consejeros de\u00a0<span class=\"il\">Cecsagal<\/span><\/strong>, el <strong>intendente Walther Marcolini<\/strong>, el <strong>Subsecretario de Agricultura y Ganader\u00eda de la Provincia Sergio Moralejo<\/strong>, los <strong>concejales Daniel L\u00f3pez (Pro), Stella Montoya (PJ)<\/strong> y <strong>Pablo Longo (UCR)<\/strong>, delegados de distritos en representaci\u00f3n de toda la comunidad, <strong>parte del personal<\/strong> de la cooperativa, el <strong>Presidente de la C\u00e1mara de Comercio de Gral Alvear Andr\u00e9s Vavrik<\/strong> y <strong>referentes de importantes<\/strong> <strong>Cooperativas locales<\/strong>, se celebr\u00f3 este jueves el 70\u00ba Aniversario de\u00a0<span class=\"il\">Cecsagal<\/span>.<\/span><\/p>\n<p><span style=\"color: #000000;\">La Cooperativa es, sin lugar a dudas, un emblema en la regi\u00f3n tanto por los servicios que brinda como ser una constante difusora de los valores del movimiento cooperativo. El <strong>Presidente de\u00a0<span class=\"il\">Cecsagal<\/span>\u00a0H\u00e9ctor Ambrosini<\/strong>, record\u00f3 a quienes dieron vida a\u00a0<span class=\"il\">Cecsagal<\/span>, all\u00e1 por el a\u00f1o 1951 cuando se conform\u00f3 el primer Consejo de Administraci\u00f3n encabezado por V\u00edctor Velazco: \u00ab<strong><em>Festejamos en su memoria, pero siempre mirando al futuro, con m\u00e1s servicios en marcha y proyectos que llevan a la Cooperativa a un lugar de pilar fundamental para sus asociados<\/em><\/strong>\u00ab, indic\u00f3.<\/span><\/p>\n<p><span style=\"color: #000000;\">En los \u00faltimos a\u00f1os,\u00a0<span class=\"il\">Cecsagal<\/span>\u00a0ha marcado un camino de crecimiento constante en el que ha invertido y crecido en servicios y calidad, en este sentido el <strong>Vicepresidente Gustavo Rubio<\/strong>, se\u00f1al\u00f3: \u00ab<strong><em>Habr\u00eda sido imposible este presente de la Cooperativa, sin la visi\u00f3n de don \u00a0V\u00edctor Velazco y las primeras comisiones, que han seguido las posteriores generaciones, pensando siempre en mejorar la calidad de servicio<\/em><\/strong>\u00ab, al tiempo que remarc\u00f3 el avance permanente en materia de servicios y relaci\u00f3n con la comunidad, a la que la Cooperativa ha acompa\u00f1ado de cerca durante su crecimiento: \u201c<strong><em>La actualidad, nos encuentra con la calidad como premisa de gesti\u00f3n, y tambi\u00e9n lo fue para los que comenzaron con este gran proyecto<\/em><\/strong>\u201d.<\/span><\/p>\n<p><span style=\"color: #000000;\">Rubio, no dej\u00f3 pasar la oportunidad para hacer hincapi\u00e9 en la trascendencia del cooperativismo, y del gran compromiso y profesionalismo de los trabajadores de la Cooperativa: \u00ab<strong><em>No s\u00e9 cuantificar todo lo que vuelca el cooperativismo al desarrollo socioecon\u00f3mico de las ciudades, pero si s\u00e9 que es indispensable para seguir avanzando<\/em><\/strong>\u00ab.<\/span><\/p>\n<p><span style=\"color: #000000;\">Por su parte Marcolini, subray\u00f3 la importancia no s\u00f3lo de los inicios de la Cooperativa, sino tambi\u00e9n de la relevancia de celebrar 70 a\u00f1os como cooperativa en nuestro pa\u00eds, y enumer\u00f3 principios cooperativos a los que consider\u00f3 fundamentales, como la educaci\u00f3n cooperativa, y la relaci\u00f3n con otras cooperativas, lo que ha permitido tama\u00f1o crecimiento.<\/span><\/p>\n<p><span style=\"color: #000000;\">Durante esta celebraci\u00f3n se entregaron presentes a delegados, en representaci\u00f3n de todo el Cuerpo de Delegados que conforman la Cooperativa. Adem\u00e1s la Municipalidad de General Alvear, el Concejo Deliberante, la C\u00e1mara de Comercio y Corspuvi, entregaron placas homenajeando a\u00a0<span class=\"il\">Cecsagal<\/span>.<\/span><\/p>\n<p><span style=\"color: #000000;\">Al finalizar el encuentro, se descubri\u00f3 una placa que mantendr\u00e1 viva en la memoria este momento hist\u00f3rico de la Cooperativa.<\/span><\/p>\n<h5><span style=\"color: #000000;\">\u2022F.B.<\/span><\/h5>\n","protected":false},"excerpt":{"rendered":"<p>Este jueves 29 de Julio,\u00a0Cecsagal\u00a0celebr\u00f3 sus siete d\u00e9cadas, toda una historia de crecimiento y desarrollo junto a la regi\u00f3n, siempre portando &#8230;<\/p>\n","protected":false},"author":8,"featured_media":94517,"comment_status":"open","ping_status":"open","sticky":false,"template":"","format":"standard","meta":{"footnotes":""},"categories":[5,60],"tags":[],"class_list":["post-94510","post","type-post","status-publish","format-standard","has-post-thumbnail","hentry","category-actualidad","category-cecsagal"],"_links":{"self":[{"href":"https:\/\/vinasfm.com\/noticias\/wp-json\/wp\/v2\/posts\/94510","targetHints":{"allow":["GET"]}}],"collection":[{"href":"https:\/\/vinasfm.com\/noticias\/wp-json\/wp\/v2\/posts"}],"about":[{"href":"https:\/\/vinasfm.com\/noticias\/wp-json\/wp\/v2\/types\/post"}],"author":[{"embeddable":true,"href":"https:\/\/vinasfm.com\/noticias\/wp-json\/wp\/v2\/users\/8"}],"replies":[{"embeddable":true,"href":"https:\/\/vinasfm.com\/noticias\/wp-json\/wp\/v2\/comments?post=94510"}],"version-history":[{"count":3,"href":"https:\/\/vinasfm.com\/noticias\/wp-json\/wp\/v2\/posts\/94510\/revisions"}],"predecessor-version":[{"id":94529,"href":"https:\/\/vinasfm.com\/noticias\/wp-json\/wp\/v2\/posts\/94510\/revisions\/94529"}],"wp:featuredmedia":[{"embeddable":true,"href":"https:\/\/vinasfm.com\/noticias\/wp-json\/wp\/v2\/media\/94517"}],"wp:attachment":[{"href":"https:\/\/vinasfm.com\/noticias\/wp-json\/wp\/v2\/media?parent=94510"}],"wp:term":[{"taxonomy":"category","embeddable":true,"href":"https:\/\/vinasfm.com\/noticias\/wp-json\/wp\/v2\/categories?post=94510"},{"taxonomy":"post_tag","embeddable":true,"href":"https:\/\/vinasfm.com\/noticias\/wp-json\/wp\/v2\/tags?post=94510"}],"curies":[{"name":"wp","href":"https:\/\/api.w.org\/{rel}","templated":true}]}}