{"id":94462,"date":"2021-07-30T10:00:58","date_gmt":"2021-07-30T13:00:58","guid":{"rendered":"http:\/\/vinasfm.com\/noticias\/?p=94462"},"modified":"2021-07-30T10:50:50","modified_gmt":"2021-07-30T13:50:50","slug":"el-intendente-marcolini-participo-en-el-acto-por-el-70-aniversario-de-cecsagal","status":"publish","type":"post","link":"https:\/\/vinasfm.com\/noticias\/el-intendente-marcolini-participo-en-el-acto-por-el-70-aniversario-de-cecsagal\/","title":{"rendered":"EL INTENDENTE MARCOLINI PARTICIP\u00d3 EN EL ACTO POR EL 70\u00b0 ANIVERSARIO DE CECSAGAL"},"content":{"rendered":"<h4><strong><span style=\"color: #000000;\">El Jefe Comunal particip\u00f3 del acto realizado este jueves en la puerta del edificio de la entidad celebrando el aniversario n\u00famero 70 de la Cooperativa Cecsagal, que brinda servicios a toda la regi\u00f3n.<\/span><\/strong><\/h4>\n<p><span style=\"color: #000000;\">Marcolini agradeci\u00f3 la presencia del <strong>Subsecretario de Agricultura y Ganader\u00eda Sergio Moralejo<\/strong>, quien asisti\u00f3 en representaci\u00f3n del Gobierno de la Provincia. Asimismo,<strong> entreg\u00f3 una placa recordatoria al Presidente H\u00e9ctor Ambrosini<\/strong> y al<strong> Vicepresidente Gustavo Rubio<\/strong> por estos 70 a\u00f1os de la Cooperativa Cecsagal: \u201c<strong><em>Estoy orgulloso de poder estar acompa\u00f1ando a esta instituci\u00f3n en este importante momento, porque es para destacar que una entidad cooperativa cumpla 70 a\u00f1os en Argentina brindando servicios p\u00fablicos de calidad<\/em><\/strong>\u201d, manifest\u00f3.<\/span><\/p>\n<p><span style=\"color: #000000;\">En la misma l\u00ednea destac\u00f3<strong> la visi\u00f3n de los pioneros de la cooperativa que entend\u00edan que los alvearenses deb\u00edan tener electricidad, un servicio que no prove\u00eda el Estado en ese momento<\/strong> y que, as\u00ed como en la actualidad, era indispensable para el desarrollo de la regi\u00f3n.<\/span><\/p>\n<div id=\"attachment_94464\" style=\"width: 395px\" class=\"wp-caption alignleft\"><a style=\"color: #000000;\" href=\"http:\/\/vinasfm.com\/noticias\/wp-content\/uploads\/2021\/07\/70-Aniversario-Cecsagal-9-scaled.jpg\"><img loading=\"lazy\" decoding=\"async\" aria-describedby=\"caption-attachment-94464\" class=\"wp-image-94464\" src=\"http:\/\/vinasfm.com\/noticias\/wp-content\/uploads\/2021\/07\/70-Aniversario-Cecsagal-9-scaled.jpg\" alt=\"\" width=\"395\" height=\"263\" srcset=\"https:\/\/vinasfm.com\/noticias\/wp-content\/uploads\/2021\/07\/70-Aniversario-Cecsagal-9-scaled.jpg 2560w, https:\/\/vinasfm.com\/noticias\/wp-content\/uploads\/2021\/07\/70-Aniversario-Cecsagal-9-300x200.jpg 300w, https:\/\/vinasfm.com\/noticias\/wp-content\/uploads\/2021\/07\/70-Aniversario-Cecsagal-9-1024x683.jpg 1024w, https:\/\/vinasfm.com\/noticias\/wp-content\/uploads\/2021\/07\/70-Aniversario-Cecsagal-9-768x512.jpg 768w, https:\/\/vinasfm.com\/noticias\/wp-content\/uploads\/2021\/07\/70-Aniversario-Cecsagal-9-1536x1024.jpg 1536w, https:\/\/vinasfm.com\/noticias\/wp-content\/uploads\/2021\/07\/70-Aniversario-Cecsagal-9-2048x1365.jpg 2048w\" sizes=\"auto, (max-width: 395px) 100vw, 395px\" \/><\/a><p id=\"caption-attachment-94464\" class=\"wp-caption-text\"><span style=\"color: #000000;\">Entrega de placa recordatoria.<\/span><\/p><\/div>\n<p><span style=\"color: #000000;\">Cabe recordar que el mandatario municipal tiene una amplia trayectoria vinculada al movimiento cooperativo, habiendo escrito libros referidos al sector y siendo un referente del cooperativismo.<\/span><\/p>\n<p><span style=\"color: #000000;\"> \u201c<strong><em>Las cooperativas brindan herramientas de construcci\u00f3n social para solucionar problemas de todos los \u00f3rdenes de la vida social. Entre los principios claves de la cooperativa, resulta fundamental la educaci\u00f3n cooperativa para dejar el legado, la construcci\u00f3n entre cooperativas. Cecsagal presta servicio social de sepelio, de la mano de Cospac tiene un compromiso fuerte con la educaci\u00f3n, con Ugacoop. La Cooperativa hace que la energ\u00eda est\u00e9 al servicio del desarrollo y la transformaci\u00f3n de General Alvear<\/em><\/strong>\u201d, declar\u00f3.<\/span><\/p>\n<p><span style=\"color: #000000;\">Por su parte, el <strong>Presidente de Cecsagal H\u00e9ctor Ambrosini<\/strong> manifest\u00f3: \u201c<strong><em>Es importante en estos 70 a\u00f1os destacar que no se han perdido los principios y los valores cooperativos, dado que sigue intacto el esp\u00edritu cooperativista de los pioneros<\/em><\/strong>\u201d.<\/span><\/p>\n<p><span style=\"color: #000000;\">El <strong>Vicepresidente Gustavo Rubio<\/strong> en su discurso honr\u00f3 a los fundadores de Cecsagal, que tuvieron la capacidad de crear la cooperativa, que a lo largo de los a\u00f1os ha trabajado en la calidad de los servicios. \u201c<strong><em>Constantemente estamos invirtiendo en nueva tecnolog\u00eda para reducir la posibilidad de corte del servicio el\u00e9ctrico y para que cuando haya una inclemencia clim\u00e1tica, tengamos todos los materiales necesarios. Adem\u00e1s, es importante el capital humano de esta cooperativa. Hoy tenemos la oportunidad de acompa\u00f1ar al Intendente en su gesti\u00f3n de la nueva l\u00ednea de 132kw, para producir un mayor desarrollo<\/em><\/strong>\u201d, expres\u00f3.<\/span><\/p>\n<h5><span style=\"color: #000000;\">\u2022F.B.<\/span><\/h5>\n","protected":false},"excerpt":{"rendered":"<p>El Jefe Comunal particip\u00f3 del acto realizado este jueves en la puerta del edificio de la entidad celebrando el aniversario n\u00famero &#8230;<\/p>\n","protected":false},"author":8,"featured_media":94463,"comment_status":"open","ping_status":"open","sticky":false,"template":"","format":"standard","meta":{"footnotes":""},"categories":[5,10],"tags":[],"class_list":["post-94462","post","type-post","status-publish","format-standard","has-post-thumbnail","hentry","category-actualidad","category-destacadas"],"_links":{"self":[{"href":"https:\/\/vinasfm.com\/noticias\/wp-json\/wp\/v2\/posts\/94462","targetHints":{"allow":["GET"]}}],"collection":[{"href":"https:\/\/vinasfm.com\/noticias\/wp-json\/wp\/v2\/posts"}],"about":[{"href":"https:\/\/vinasfm.com\/noticias\/wp-json\/wp\/v2\/types\/post"}],"author":[{"embeddable":true,"href":"https:\/\/vinasfm.com\/noticias\/wp-json\/wp\/v2\/users\/8"}],"replies":[{"embeddable":true,"href":"https:\/\/vinasfm.com\/noticias\/wp-json\/wp\/v2\/comments?post=94462"}],"version-history":[{"count":3,"href":"https:\/\/vinasfm.com\/noticias\/wp-json\/wp\/v2\/posts\/94462\/revisions"}],"predecessor-version":[{"id":94520,"href":"https:\/\/vinasfm.com\/noticias\/wp-json\/wp\/v2\/posts\/94462\/revisions\/94520"}],"wp:featuredmedia":[{"embeddable":true,"href":"https:\/\/vinasfm.com\/noticias\/wp-json\/wp\/v2\/media\/94463"}],"wp:attachment":[{"href":"https:\/\/vinasfm.com\/noticias\/wp-json\/wp\/v2\/media?parent=94462"}],"wp:term":[{"taxonomy":"category","embeddable":true,"href":"https:\/\/vinasfm.com\/noticias\/wp-json\/wp\/v2\/categories?post=94462"},{"taxonomy":"post_tag","embeddable":true,"href":"https:\/\/vinasfm.com\/noticias\/wp-json\/wp\/v2\/tags?post=94462"}],"curies":[{"name":"wp","href":"https:\/\/api.w.org\/{rel}","templated":true}]}}