{"id":94450,"date":"2021-07-30T11:15:05","date_gmt":"2021-07-30T14:15:05","guid":{"rendered":"http:\/\/vinasfm.com\/noticias\/?p=94450"},"modified":"2021-07-30T20:53:20","modified_gmt":"2021-07-30T23:53:20","slug":"defensa-civil-y-bomberos-de-bowen-recuerdan-que-esta-prohibido-el-uso-del-fuego-para-limpieza-de-terrenos","status":"publish","type":"post","link":"https:\/\/vinasfm.com\/noticias\/defensa-civil-y-bomberos-de-bowen-recuerdan-que-esta-prohibido-el-uso-del-fuego-para-limpieza-de-terrenos\/","title":{"rendered":"DEFENSA CIVIL Y BOMBEROS DE BOWEN RECUERDAN QUE EST\u00c1 PROHIBIDO EL USO DEL FUEGO PARA LIMPIEZA DE TERRENOS"},"content":{"rendered":"<h4><span style=\"color: #000000;\"><strong>El Director de Defensa Civil Adolfo Balverde junto a referentes de Bomberos Voluntarios de Bowen realizaron conferencia de prensa con el objetivo de concientizar a la poblaci\u00f3n para prevenir los incendios causados por quema de malezas.<\/strong><\/span><\/h4>\n<p><span style=\"color: #000000;\">Dado que en las zonas bajo riego comienza la limpieza de cupos, resulta fundamental concientizar en no utilizar el fuego para estas tareas o para limpieza de malezas.<\/span><\/p>\n<p><span style=\"color: #000000;\">\u201c<strong><em>Todos los a\u00f1os ocurre este tipo de pr\u00e1cticas y quienes trabajan en incendios corren peligro. Es muy importante el trabajo de los Bomberos Voluntarios de Bowen que siempre est\u00e1n coordinados con la Direcci\u00f3n de Defensa Civil, el Sistema provincial de manejo de fuego y los delegados distritales<\/em><\/strong>\u201d, expres\u00f3 Balverde.<\/span><\/p>\n<p><span style=\"color: #000000;\">Por su parte, el <strong>Jefe de Bomberos voluntarios de Bowen Ricardo Becerra<\/strong> se\u00f1al\u00f3 que este fin de semana tuvieron ocho focos de incendio, entre la tarde del domingo y la madrugada del lunes, cuando terminaron agotados.\u00a0<\/span><\/p>\n<p><span style=\"color: #000000;\">\u201c<strong><em>El fuego est\u00e1 prohibido para la limpieza de maleza. En algunas zonas hay lenguas de dos o tres metros de altura, por lo que trabajamos a 150\u00b0. En lo que va del a\u00f1o hemos trabajado en un total de 60 incendios, somos seis efectivos en total, cuatro diariamente. En agosto de 2.020 tuvimos 300 incendios, por eso solicitamos que no prendan fuego para limpieza de cupos o de maleza, m\u00e1s teniendo en cuenta los fuertes vientos que se avecinan en esta \u00e9poca<\/em><\/strong>\u201d, indic\u00f3.<\/span><\/p>\n<p><span style=\"color: #000000;\"><strong>Laura Molina<\/strong>, <strong>Presidente de Bomberos voluntarios de Bowen<\/strong>, declar\u00f3: \u201c<em><strong>Somos ejemplo en la Provincia en cuanto a coordinaci\u00f3n, trabajamos de manera mancomunada con Defensa Civil y hemos realizado reuniones para plantear el tema de los vientos y los incendios en agosto. El personal est\u00e1 capacitado para actuar en cualquier siniestro, ya sean incendios forestales, de estructuras o accidentes. La Comisi\u00f3n directiva constantemente agrega materiales, herramientas e indumentaria y compramos un cami\u00f3n, que es un apoyo h\u00eddrico<\/strong><\/em>\u201d.<\/span><\/p>\n<p><span style=\"color: #000000;\">El cuerpo de bomberos cuenta con una camada de aspirantes que se est\u00e1 capacitando para trabajar en la temporada de incendios, se va a sumar seis personas pr\u00f3ximamente y se est\u00e1n preparando 20 m\u00e1s, de modo te\u00f3rico y pr\u00e1ctico: \u201c<em><strong>Nos encontramos en calle San Mart\u00edn y 9 de julio en Bowen, el tel\u00e9fono es 2625 662360, en redes sociales: Bomberos Voluntarios de Bowen.<\/strong> <strong>No hacemos ning\u00fan tipo de colecta, tenemos un subsidio nacional y una ayuda de la municipalidad, que recibimos anualmente<\/strong><\/em>\u201d, concluy\u00f3 Molina.<\/span><\/p>\n<h5><span style=\"color: #000000;\">\u2022F.B.\u00a0<\/span><\/h5>\n","protected":false},"excerpt":{"rendered":"<p>El Director de Defensa Civil Adolfo Balverde junto a referentes de Bomberos Voluntarios de Bowen realizaron conferencia de prensa con el &#8230;<\/p>\n","protected":false},"author":8,"featured_media":94451,"comment_status":"open","ping_status":"open","sticky":false,"template":"","format":"standard","meta":{"footnotes":""},"categories":[5,76,51],"tags":[],"class_list":["post-94450","post","type-post","status-publish","format-standard","has-post-thumbnail","hentry","category-actualidad","category-bomberos","category-defensa-civil"],"_links":{"self":[{"href":"https:\/\/vinasfm.com\/noticias\/wp-json\/wp\/v2\/posts\/94450","targetHints":{"allow":["GET"]}}],"collection":[{"href":"https:\/\/vinasfm.com\/noticias\/wp-json\/wp\/v2\/posts"}],"about":[{"href":"https:\/\/vinasfm.com\/noticias\/wp-json\/wp\/v2\/types\/post"}],"author":[{"embeddable":true,"href":"https:\/\/vinasfm.com\/noticias\/wp-json\/wp\/v2\/users\/8"}],"replies":[{"embeddable":true,"href":"https:\/\/vinasfm.com\/noticias\/wp-json\/wp\/v2\/comments?post=94450"}],"version-history":[{"count":2,"href":"https:\/\/vinasfm.com\/noticias\/wp-json\/wp\/v2\/posts\/94450\/revisions"}],"predecessor-version":[{"id":94544,"href":"https:\/\/vinasfm.com\/noticias\/wp-json\/wp\/v2\/posts\/94450\/revisions\/94544"}],"wp:featuredmedia":[{"embeddable":true,"href":"https:\/\/vinasfm.com\/noticias\/wp-json\/wp\/v2\/media\/94451"}],"wp:attachment":[{"href":"https:\/\/vinasfm.com\/noticias\/wp-json\/wp\/v2\/media?parent=94450"}],"wp:term":[{"taxonomy":"category","embeddable":true,"href":"https:\/\/vinasfm.com\/noticias\/wp-json\/wp\/v2\/categories?post=94450"},{"taxonomy":"post_tag","embeddable":true,"href":"https:\/\/vinasfm.com\/noticias\/wp-json\/wp\/v2\/tags?post=94450"}],"curies":[{"name":"wp","href":"https:\/\/api.w.org\/{rel}","templated":true}]}}