{"id":94417,"date":"2021-07-29T00:01:41","date_gmt":"2021-07-29T03:01:41","guid":{"rendered":"http:\/\/vinasfm.com\/noticias\/?p=94417"},"modified":"2021-07-30T10:30:33","modified_gmt":"2021-07-30T13:30:33","slug":"la-cooperativa-electrica-celebra-su-70-aniversario","status":"publish","type":"post","link":"https:\/\/vinasfm.com\/noticias\/la-cooperativa-electrica-celebra-su-70-aniversario\/","title":{"rendered":"LA COOPERATIVA EL\u00c9CTRICA CECSAGAL CELEBRA SU 70\u00b0 ANIVERSARIO"},"content":{"rendered":"<h4><span style=\"color: #000000;\">Este jueves se cumplen 70 a\u00f1os de la fundaci\u00f3n de CECSAGAL y en el marco de las celebraciones por el acontecimiento, se llev\u00f3 a cabo un acto con autoridades e invitados en el edificio de la Cooperativa.<\/span><\/h4>\n<p><span style=\"color: #000000;\">El <strong>29 de julio de 1951 fue fundada nuestro departamento la cooperativa el\u00e9ctrica Cecsagal.<\/strong> <strong>Esta ma\u00f1ana, en el edificio ubicado en Avenida Libertador Norte y Zamenhoff,<\/strong> se llev\u00f3 a cabo un importante acto en el lugar para celebrar el aniversario.<\/span><\/p>\n<p><span style=\"color: #000000;\">Y a 70 a\u00f1os de ese momento importante para el desarrollo del departamento, el Vice presidente de la instituci\u00f3n, <strong>Gustavo Rubio habl\u00f3 en FM Vi\u00f1as<\/strong> sobre el camino recorrido. <em><strong>\u00abEsa gente tuvo mucha visi\u00f3n, esfuerzo y labor, y decidieron fundar la cooperativa. Estoy orgulloso de pertenecer a ella y muy satisfecho de lo que se ha hecho en estos 70 a\u00f1os\u00bb<\/strong><\/em>, expres\u00f3.<\/span><\/p>\n<p><span style=\"color: #000000;\">Asimismo, record\u00f3 a V\u00edctor Velasco, fundador de la empresa: <em><strong>\u00ab\u00c9l a la cabeza y un grupo de colaboradores, le dieron inicio a esto que era in\u00e9dito en Alvear. Ojal\u00e1 que tengamos varios tipos como \u00e9l, visionarios y con empuje. Lo que hicieron por Alvear fue espectacular\u00bb.<\/strong><\/em><\/span><\/p>\n<p><span style=\"color: #000000;\">\u2022<strong>L.A.<\/strong><\/span><\/p>\n","protected":false},"excerpt":{"rendered":"<p>Este jueves se cumplen 70 a\u00f1os de la fundaci\u00f3n de CECSAGAL y en el marco de las celebraciones por el acontecimiento, &#8230;<\/p>\n","protected":false},"author":7,"featured_media":94427,"comment_status":"open","ping_status":"open","sticky":false,"template":"","format":"standard","meta":{"footnotes":""},"categories":[5,60],"tags":[],"class_list":["post-94417","post","type-post","status-publish","format-standard","has-post-thumbnail","hentry","category-actualidad","category-cecsagal"],"_links":{"self":[{"href":"https:\/\/vinasfm.com\/noticias\/wp-json\/wp\/v2\/posts\/94417","targetHints":{"allow":["GET"]}}],"collection":[{"href":"https:\/\/vinasfm.com\/noticias\/wp-json\/wp\/v2\/posts"}],"about":[{"href":"https:\/\/vinasfm.com\/noticias\/wp-json\/wp\/v2\/types\/post"}],"author":[{"embeddable":true,"href":"https:\/\/vinasfm.com\/noticias\/wp-json\/wp\/v2\/users\/7"}],"replies":[{"embeddable":true,"href":"https:\/\/vinasfm.com\/noticias\/wp-json\/wp\/v2\/comments?post=94417"}],"version-history":[{"count":4,"href":"https:\/\/vinasfm.com\/noticias\/wp-json\/wp\/v2\/posts\/94417\/revisions"}],"predecessor-version":[{"id":94470,"href":"https:\/\/vinasfm.com\/noticias\/wp-json\/wp\/v2\/posts\/94417\/revisions\/94470"}],"wp:featuredmedia":[{"embeddable":true,"href":"https:\/\/vinasfm.com\/noticias\/wp-json\/wp\/v2\/media\/94427"}],"wp:attachment":[{"href":"https:\/\/vinasfm.com\/noticias\/wp-json\/wp\/v2\/media?parent=94417"}],"wp:term":[{"taxonomy":"category","embeddable":true,"href":"https:\/\/vinasfm.com\/noticias\/wp-json\/wp\/v2\/categories?post=94417"},{"taxonomy":"post_tag","embeddable":true,"href":"https:\/\/vinasfm.com\/noticias\/wp-json\/wp\/v2\/tags?post=94417"}],"curies":[{"name":"wp","href":"https:\/\/api.w.org\/{rel}","templated":true}]}}