{"id":94233,"date":"2021-07-28T23:59:45","date_gmt":"2021-07-29T02:59:45","guid":{"rendered":"http:\/\/vinasfm.com\/noticias\/?p=94233"},"modified":"2021-07-29T11:50:56","modified_gmt":"2021-07-29T14:50:56","slug":"trasladaron-y-aplicaron-sanciones-disciplinarias-a-policias-de-alvear-por-incumplimiento-en-sus-deberes","status":"publish","type":"post","link":"https:\/\/vinasfm.com\/noticias\/trasladaron-y-aplicaron-sanciones-disciplinarias-a-policias-de-alvear-por-incumplimiento-en-sus-deberes\/","title":{"rendered":"TRASLADARON Y APLICARON SANCIONES DISCIPLINARIAS A POLIC\u00cdAS DE ALVEAR POR INCUMPLIMIENTO EN SUS DEBERES"},"content":{"rendered":"<h4><span style=\"color: #000000;\"><strong>Varios efectivos policiales que prestan servicio en la Departamental General Alvear han sido sancionados y\/o trasladados a otras sedes policiales por diferentes causas en las que la Inspecci\u00f3n General de Seguridad y la Justicia interviniente consideraron que incumplieron sus deberes como funcionarios p\u00fablicos.\u00a0<\/strong><\/span><\/h4>\n<div id=\"attachment_94234\" style=\"width: 300px\" class=\"wp-caption alignright\"><a style=\"color: #000000;\" href=\"http:\/\/vinasfm.com\/noticias\/wp-content\/uploads\/2021\/07\/000969525-1024x641-1-300x188-1.jpg\"><img loading=\"lazy\" decoding=\"async\" aria-describedby=\"caption-attachment-94234\" class=\"size-full wp-image-94234\" src=\"http:\/\/vinasfm.com\/noticias\/wp-content\/uploads\/2021\/07\/000969525-1024x641-1-300x188-1.jpg\" alt=\"\" width=\"300\" height=\"188\" \/><\/a><p id=\"caption-attachment-94234\" class=\"wp-caption-text\"><span style=\"color: #000000;\">Dr. Marcelo Puertas<\/span><\/p><\/div>\n<p><span style=\"color: #000000;\"><span style=\"line-height: 24px;\">En dialogo con<\/span><span style=\"line-height: 24px;\">\u00a0<\/span><strong>F.M. VI\u00d1AS<\/strong>\u00a0el <strong>Dr. Marcelo Puertas<\/strong>, <strong>Director Presidente de la IGS <\/strong>(ente aut\u00e1rquico que regula el comportamiento civil de los miembros de la fuerza en Mendoza), brind\u00f3 detalles de los hechos y c\u00f3mo interviene el organismo en estas situaciones.<\/span><\/p>\n<p><span style=\"color: #000000;\">&#8216;<strong><em>Son siete los agentes policiales implicados en diferentes faltas, unos por participar de una<a href=\"http:\/\/vinasfm.com\/noticias\/investigan-al-policia-involucrado-en-una-fiesta-clandestina-y-a-los-de-guardia-que-lo-encubrieron\/\"> fiesta clandestina<\/a> y otros por no haber actuado conforme establece la ley al desactivar el evento e informar como corresponde<\/em><\/strong>&#8216;, indic\u00f3 Puertas.<\/span><\/p>\n<p><span style=\"color: #000000;\">El hecho por el que fueron y son investigados los polic\u00edas <strong>ocurri\u00f3 en noviembre de 2020 en una finca de un hombre de apellido Olgu\u00edn<\/strong> que, al momento del evento clandestino, <strong>se encontraba preso purgando una pena en el marco de una causa por venta de estupefacientes<\/strong>.<\/span><\/p>\n<p><span style=\"color: #000000;\"><span style=\"line-height: 24px;\">El funcionario provincial se\u00f1al\u00f3 que la denuncia fue radicada por un preventivo en la Comisar\u00eda 46\u00aa de Bowen: \u00a0&#8216;<strong><em>En este hecho participaron los efectivos de apellidos Coria, Verdugo y Montoya entre otros<\/em><\/strong>&#8216;, confirm\u00f3.\u00a0<\/span><strong>Cinco de los polic\u00edas imputados optaron por acceder al sumario abreviado<\/strong>, es decir, asumieron las faltas por las que se los imputa y se acuerda una sanci\u00f3n que en este caso <strong>se les impuso 25 d\u00edas de suspensi\u00f3n<\/strong>. Los <strong>dos restantes siguen ejerciendo el derecho de defensa.\u00a0<\/strong><\/span><\/p>\n<p><span style=\"color: #000000;\">Adem\u00e1s, se refiri\u00f3 a <strong>uniformados que prestan servicio en el Destacamento de Corral de Lorca<\/strong> denunciados por <strong>v\u00edctimas de delitos de la zona, quienes al acudir a exponer lo sucedido el personal policial no lo comunic\u00f3 a la Unidad Fiscal de General Alvear <\/strong>por lo que no se actu\u00f3 en consecuencia: <\/span><span style=\"color: #000000;\">&#8216;<\/span><strong style=\"color: #000000;\"><em>P<\/em><em>or lo menos hay indolencia, que es cuando no lo hacen por dejadez, y se definir\u00e1 si hay dolo que es cuando no recepcionaron la denuncia porque no quisieron. Es este caso ser\u00e1n sancionados y trasladados, en caso que no exista cesant\u00eda<\/em><\/strong><span style=\"color: #000000;\">&#8216;, se\u00f1al\u00f3 al respecto.<\/span><\/p>\n<p><span style=\"color: #000000;\"><span style=\"color: #000000;\">&#8216;<\/span><em><b style=\"color: #000000;\">Las obligaciones son para todos y m\u00e1s para funcionarios <\/b><span style=\"color: #000000;\"><b>p\u00fablicos<\/b><\/span><b style=\"color: #000000;\"> que representamos el cumplimiento de la ley<\/b><\/em><span style=\"color: #000000;\">&#8216;, reflexion\u00f3\u00a0y explic\u00f3 que cualquier ciudadano puede denunciar incumplimiento en el deber de los agentes policiales comunic\u00e1ndose al correo de la<\/span><strong style=\"color: #000000;\"> Oficina de IGS<\/strong> <a style=\"color: #000000;\" href=\"mailto:mentradas-igs@mendoza.gov.ar\">mentradas-igs@mendoza.gov.ar<\/a><span style=\"color: #000000;\"> o al n\u00famero\u00a0<\/span><strong style=\"color: #000000;\">4258640.<\/strong><\/span><\/p>\n<h5><span style=\"color: #000000;\">\u2022F.B. (F.M. VI\u00d1AS).<\/span><\/h5>\n","protected":false},"excerpt":{"rendered":"<p>Varios efectivos policiales que prestan servicio en la Departamental General Alvear han sido sancionados y\/o trasladados a otras sedes policiales por &#8230;<\/p>\n","protected":false},"author":8,"featured_media":63435,"comment_status":"open","ping_status":"open","sticky":false,"template":"","format":"standard","meta":{"footnotes":""},"categories":[5,33],"tags":[],"class_list":["post-94233","post","type-post","status-publish","format-standard","has-post-thumbnail","hentry","category-actualidad","category-seguridad"],"_links":{"self":[{"href":"https:\/\/vinasfm.com\/noticias\/wp-json\/wp\/v2\/posts\/94233","targetHints":{"allow":["GET"]}}],"collection":[{"href":"https:\/\/vinasfm.com\/noticias\/wp-json\/wp\/v2\/posts"}],"about":[{"href":"https:\/\/vinasfm.com\/noticias\/wp-json\/wp\/v2\/types\/post"}],"author":[{"embeddable":true,"href":"https:\/\/vinasfm.com\/noticias\/wp-json\/wp\/v2\/users\/8"}],"replies":[{"embeddable":true,"href":"https:\/\/vinasfm.com\/noticias\/wp-json\/wp\/v2\/comments?post=94233"}],"version-history":[{"count":8,"href":"https:\/\/vinasfm.com\/noticias\/wp-json\/wp\/v2\/posts\/94233\/revisions"}],"predecessor-version":[{"id":94237,"href":"https:\/\/vinasfm.com\/noticias\/wp-json\/wp\/v2\/posts\/94233\/revisions\/94237"}],"wp:featuredmedia":[{"embeddable":true,"href":"https:\/\/vinasfm.com\/noticias\/wp-json\/wp\/v2\/media\/63435"}],"wp:attachment":[{"href":"https:\/\/vinasfm.com\/noticias\/wp-json\/wp\/v2\/media?parent=94233"}],"wp:term":[{"taxonomy":"category","embeddable":true,"href":"https:\/\/vinasfm.com\/noticias\/wp-json\/wp\/v2\/categories?post=94233"},{"taxonomy":"post_tag","embeddable":true,"href":"https:\/\/vinasfm.com\/noticias\/wp-json\/wp\/v2\/tags?post=94233"}],"curies":[{"name":"wp","href":"https:\/\/api.w.org\/{rel}","templated":true}]}}