{"id":94207,"date":"2021-07-27T10:24:52","date_gmt":"2021-07-27T13:24:52","guid":{"rendered":"http:\/\/vinasfm.com\/noticias\/?p=94207"},"modified":"2021-07-27T20:46:54","modified_gmt":"2021-07-27T23:46:54","slug":"designaron-al-nuevo-consejo-asesor-representante-de-la-actividad-privada-en-el-iscamen","status":"publish","type":"post","link":"https:\/\/vinasfm.com\/noticias\/designaron-al-nuevo-consejo-asesor-representante-de-la-actividad-privada-en-el-iscamen\/","title":{"rendered":"DESIGNARON AL NUEVO CONSEJO ASESOR REPRESENTANTE DE LA ACTIVIDAD PRIVADA EN EL ISCAMEN"},"content":{"rendered":"<h4><span style=\"color: #000000;\"><strong>Mediante el\u00a0<a style=\"color: #000000;\" href=\"http:\/\/168.194.207.98\/iscamen\/img\/upload\/portal\/be04ab18b0ec58bf4898f0c6f8389e30.pdf\" data-type=\"URL\" data-id=\"http:\/\/168.194.207.98\/iscamen\/img\/upload\/portal\/be04ab18b0ec58bf4898f0c6f8389e30.pdf\">Decreto 897\/21<\/a>, qued\u00f3 conformado el Consejo Asesor del Instituto de Sanidad y Calidad Agroalimentaria de Mendoza, seg\u00fan lo determinan la Ley 6333\/95 y su decreto reglamentario 1508\/96.<\/strong><\/span><\/h4>\n<p><span style=\"color: #000000;\">La mencionada ley establece como parte de la estructura org\u00e1nica y funcional del Iscamen un <strong>Consejo Asesor conformado por representantes de los diferentes oasis productivos de la provincia y el sector transporte<\/strong>.<\/span><\/p>\n<p><span style=\"color: #000000;\">Los representantes designados, que forman parte del Consejo Asesor de la actividad privada en el Iscamen, pertenecen a organizaciones representativas del sector productivo, con personer\u00eda jur\u00eddica y debidamente autorizadas para funcionar. Se desempe\u00f1ar\u00e1n por dos a\u00f1os. Asimismo, los miembros del consejo cumplir\u00e1n sus funciones\u00a0<em>ad honorem<\/em>.<\/span><\/p>\n<p><span style=\"color: #000000;\">Entre los temas de injerencia del Consejo Asesor se destacan emitir dictamen previo no vinculante sobre el plan anual de actividades, declaraci\u00f3n de estado de emergencia fitozoosanitaria y determinaci\u00f3n anual del valor de los aranceles por servicios y controles que se prestan, entre otros.<\/span><\/p>\n<h4><span style=\"color: #000000;\"><strong>El nuevo Consejo Asesor qued\u00f3 representado de la siguiente manera:<\/strong><\/span><\/h4>\n<p><span style=\"color: #000000;\"><strong><em>Oasis Sur<\/em><\/strong><\/span><\/p>\n<ul>\n<li><span style=\"color: #000000;\"><strong>Titular: Carlos Mondotte, Comit\u00e9 Exportador de Ciruelas de Mendoza<\/strong><\/span><\/li>\n<li><span style=\"color: #000000;\"><strong>Suplente: Pedro Daniel Novak, Federaci\u00f3n Agraria Filial Alvear.<\/strong><\/span><\/li>\n<\/ul>\n<p><span style=\"color: #000000;\"><strong><em>Oasis Centro (Valle de Uco)<\/em><\/strong><\/span><\/p>\n<ul>\n<li><span style=\"color: #000000;\">Titular: Mendoza, Luis Ram\u00f3n, Sociedad Rural del Valle de Uco.<\/span><\/li>\n<li><span style=\"color: #000000;\">Suplente: Ana Laura Piermarini, C\u00e1mara de Comercio, Industria, Agricultura y Turismo de Tunuy\u00e1n<\/span><\/li>\n<\/ul>\n<p><span style=\"color: #000000;\"><strong><em>Oasis Este<\/em><\/strong><\/span><\/p>\n<ul>\n<li><span style=\"color: #000000;\">Titular: Federico Marcuende, Asociaci\u00f3n de productores del Oasis Este de Mendoza (Aproem).<\/span><\/li>\n<li><span style=\"color: #000000;\">Suplente: Luis Alejandro Zoppis, C\u00e1mara Agropecuaria, Industrial y Comercial de Santa Rosa.<\/span><\/li>\n<\/ul>\n<p><span style=\"color: #000000;\"><strong><em>Oasis Norte<\/em><\/strong><\/span><\/p>\n<ul>\n<li><span style=\"color: #000000;\">Titular: Laura Alturria, Bodegas de Argentina<\/span><\/li>\n<li><span style=\"color: #000000;\">Suplente: Facundo Quir\u00f3s, C\u00e1mara de Cereza de Mendoza (Asociaci\u00f3n de Productores y Exportadores de Frutas Frescas, ASPEFF).<\/span><\/li>\n<\/ul>\n<p><span style=\"color: #000000;\"><strong><em>Sector Transporte<\/em><\/strong><\/span><\/p>\n<ul>\n<li><span style=\"color: #000000;\">Titular: Eduardo Yaya, Asociaci\u00f3n de Propietarios de Camiones de Mendoza (Aprocam).<\/span><\/li>\n<li><span style=\"color: #000000;\">Suplente: Ronaldo Turcuman, Asociaci\u00f3n Unida Transporte Automotor Mendoza (Autam).<\/span><\/li>\n<\/ul>\n<h5><span style=\"color: #000000;\">\u2022F.B.<\/span><\/h5>\n","protected":false},"excerpt":{"rendered":"<p>Mediante el\u00a0Decreto 897\/21, qued\u00f3 conformado el Consejo Asesor del Instituto de Sanidad y Calidad Agroalimentaria de Mendoza, seg\u00fan lo determinan la &#8230;<\/p>\n","protected":false},"author":8,"featured_media":40738,"comment_status":"open","ping_status":"open","sticky":false,"template":"","format":"standard","meta":{"footnotes":""},"categories":[5,35],"tags":[],"class_list":["post-94207","post","type-post","status-publish","format-standard","has-post-thumbnail","hentry","category-actualidad","category-iscamen"],"_links":{"self":[{"href":"https:\/\/vinasfm.com\/noticias\/wp-json\/wp\/v2\/posts\/94207","targetHints":{"allow":["GET"]}}],"collection":[{"href":"https:\/\/vinasfm.com\/noticias\/wp-json\/wp\/v2\/posts"}],"about":[{"href":"https:\/\/vinasfm.com\/noticias\/wp-json\/wp\/v2\/types\/post"}],"author":[{"embeddable":true,"href":"https:\/\/vinasfm.com\/noticias\/wp-json\/wp\/v2\/users\/8"}],"replies":[{"embeddable":true,"href":"https:\/\/vinasfm.com\/noticias\/wp-json\/wp\/v2\/comments?post=94207"}],"version-history":[{"count":2,"href":"https:\/\/vinasfm.com\/noticias\/wp-json\/wp\/v2\/posts\/94207\/revisions"}],"predecessor-version":[{"id":94218,"href":"https:\/\/vinasfm.com\/noticias\/wp-json\/wp\/v2\/posts\/94207\/revisions\/94218"}],"wp:featuredmedia":[{"embeddable":true,"href":"https:\/\/vinasfm.com\/noticias\/wp-json\/wp\/v2\/media\/40738"}],"wp:attachment":[{"href":"https:\/\/vinasfm.com\/noticias\/wp-json\/wp\/v2\/media?parent=94207"}],"wp:term":[{"taxonomy":"category","embeddable":true,"href":"https:\/\/vinasfm.com\/noticias\/wp-json\/wp\/v2\/categories?post=94207"},{"taxonomy":"post_tag","embeddable":true,"href":"https:\/\/vinasfm.com\/noticias\/wp-json\/wp\/v2\/tags?post=94207"}],"curies":[{"name":"wp","href":"https:\/\/api.w.org\/{rel}","templated":true}]}}