{"id":94176,"date":"2021-08-02T10:00:18","date_gmt":"2021-08-02T13:00:18","guid":{"rendered":"http:\/\/vinasfm.com\/noticias\/?p=94176"},"modified":"2021-08-02T10:21:48","modified_gmt":"2021-08-02T13:21:48","slug":"desde-el-2-al-7-de-agosto-alvear-realizara-la-semana-de-la-lactancia-materna","status":"publish","type":"post","link":"https:\/\/vinasfm.com\/noticias\/desde-el-2-al-7-de-agosto-alvear-realizara-la-semana-de-la-lactancia-materna\/","title":{"rendered":"HOY COMIENZA EN ALVEAR LA SEMANA DE LA LACTANCIA MATERNA"},"content":{"rendered":"<h4><span style=\"color: #000000;\"><strong>Ser\u00e1 desde el 2 al 7 de agosto, en conmemoraci\u00f3n de la Semana Mundial. El comit\u00e9 departamental llevar\u00e1 a cabo capacitaciones y conferencias destinadas a p\u00fablico en general.<\/strong><\/span><\/h4>\n<p><span style=\"color: #000000;\">La <strong>Semana Mundial de la Lactancia<\/strong> fue proclamada oficialmente por la Organizaci\u00f3n Mundial de la Salud en conjunto con Unicef en 1992. Coincide con el <strong>Aniversario de la Declaraci\u00f3n Innocenti<\/strong>, formulada por altos cargos de estas dos organizaciones en agosto de 1990 con el fin de proteger, promover y respaldar la lactancia materna. <\/span><span style=\"color: #000000;\">Este a\u00f1o <strong>se realizar\u00e1 del 1 al 7 de agosto en m\u00e1s de 170 pa\u00edses y en General Alvear no pasar\u00e1 desapercibido<\/strong>.<\/span><\/p>\n<p><span style=\"color: #000000;\">Vale recordar que hace tiempo <strong>se cre\u00f3 en el Departamento el comit\u00e9 de lactancia maternal<\/strong>, encabezado por la <strong>jefa del Servicio de Neonatolog\u00eda del Hospital Enfermeros Argentinos, Graciela Fern\u00e1ndez de Raich<\/strong>. A la profesional se le suman\u00a0 integrantes del servicio, personal del \u00c1rea Sanitaria, Municipio Saludable y OSEP.<\/span><\/p>\n<p><span style=\"color: #000000;\">Al respecto, <strong>Fernadez de Raich<\/strong> explic\u00f3: \u201c<strong><em>El trabajo interdisciplinario, el seguimiento de pacientes, la actividades de concientizaci\u00f3n, la educaci\u00f3n en la tem\u00e1tica\u00a0y la creaci\u00f3n de espacios amigos de la madre y la ni\u00f1o se llevan a cabo hace algunos a\u00f1os.\u00a0Desde estos sectores se ha incorporado la lactancia como base de la vida, contribuyendo a la salud a corto y largo plazo. De hecho, el hospital de General Alvear es un centro recolector de leche humana y ha logrado cambiar paradigmas establecidos a base de generar conciencia desde el embarazo y las primeras horas de vida del ni\u00f1o, acompa\u00f1ando luego desde el consultorio destinado a esta especialidad<\/em><\/strong>\u201d.<\/span><\/p>\n<p><span style=\"color: #000000;\">Durante esa semana <strong>se llevar\u00e1n a cabo capacitaciones y\u00a0conferencias, destinadas al p\u00fablico en general y a profesionales de la salud<\/strong> por medios virtuales, ya que el actual contexto as\u00ed lo amerita.\u00a0<\/span><\/p>\n<h5><span style=\"color: #000000;\">\u2022F.B.<\/span><\/h5>\n","protected":false},"excerpt":{"rendered":"<p>Ser\u00e1 desde el 2 al 7 de agosto, en conmemoraci\u00f3n de la Semana Mundial. El comit\u00e9 departamental llevar\u00e1 a cabo capacitaciones &#8230;<\/p>\n","protected":false},"author":8,"featured_media":94177,"comment_status":"open","ping_status":"open","sticky":false,"template":"","format":"standard","meta":{"footnotes":""},"categories":[5,15],"tags":[],"class_list":["post-94176","post","type-post","status-publish","format-standard","has-post-thumbnail","hentry","category-actualidad","category-salud"],"_links":{"self":[{"href":"https:\/\/vinasfm.com\/noticias\/wp-json\/wp\/v2\/posts\/94176","targetHints":{"allow":["GET"]}}],"collection":[{"href":"https:\/\/vinasfm.com\/noticias\/wp-json\/wp\/v2\/posts"}],"about":[{"href":"https:\/\/vinasfm.com\/noticias\/wp-json\/wp\/v2\/types\/post"}],"author":[{"embeddable":true,"href":"https:\/\/vinasfm.com\/noticias\/wp-json\/wp\/v2\/users\/8"}],"replies":[{"embeddable":true,"href":"https:\/\/vinasfm.com\/noticias\/wp-json\/wp\/v2\/comments?post=94176"}],"version-history":[{"count":3,"href":"https:\/\/vinasfm.com\/noticias\/wp-json\/wp\/v2\/posts\/94176\/revisions"}],"predecessor-version":[{"id":94631,"href":"https:\/\/vinasfm.com\/noticias\/wp-json\/wp\/v2\/posts\/94176\/revisions\/94631"}],"wp:featuredmedia":[{"embeddable":true,"href":"https:\/\/vinasfm.com\/noticias\/wp-json\/wp\/v2\/media\/94177"}],"wp:attachment":[{"href":"https:\/\/vinasfm.com\/noticias\/wp-json\/wp\/v2\/media?parent=94176"}],"wp:term":[{"taxonomy":"category","embeddable":true,"href":"https:\/\/vinasfm.com\/noticias\/wp-json\/wp\/v2\/categories?post=94176"},{"taxonomy":"post_tag","embeddable":true,"href":"https:\/\/vinasfm.com\/noticias\/wp-json\/wp\/v2\/tags?post=94176"}],"curies":[{"name":"wp","href":"https:\/\/api.w.org\/{rel}","templated":true}]}}