{"id":94055,"date":"2021-07-26T23:59:47","date_gmt":"2021-07-27T02:59:47","guid":{"rendered":"http:\/\/vinasfm.com\/noticias\/?p=94055"},"modified":"2021-07-27T10:42:20","modified_gmt":"2021-07-27T13:42:20","slug":"elecciones-como-quedaron-conformadas-las-listas-para-las-p-a-s-o-en-alvear","status":"publish","type":"post","link":"https:\/\/vinasfm.com\/noticias\/elecciones-como-quedaron-conformadas-las-listas-para-las-p-a-s-o-en-alvear\/","title":{"rendered":"ELECCIONES: C\u00d3MO QUEDARON CONFORMADAS LAS LISTAS PARA LAS P.A.S.O. EN ALVEAR"},"content":{"rendered":"<h4><span style=\"color: #000000;\"><strong>Con la presentaci\u00f3n de los precandidatos que competir\u00e1n en las PASO del pr\u00f3ximo 12 de septiembre, las fuerzas pol\u00edticas de General Alvear pusieron en marcha la carrera electoral. <\/strong><\/span><\/h4>\n<p><span style=\"color: #000000;\">Minutos antes de la medianoche del s\u00e1bado, el <strong>Frente Cambia Mendoza<\/strong>, el <strong>Partido Dem\u00f3crata, <\/strong>el <strong>Partido Compromiso Federal<\/strong> y el<strong> Partido Justicialista<\/strong> ya hab\u00edan publicado las listas, <strong>que pueden sufrir modificaciones en las pr\u00f3ximas horas<\/strong>, con los nombres que competir\u00e1n por bancas legislativas a nivel local y provincial, en representaci\u00f3n del 4\u00b0 Distrito Electoral comprendido por Alvear, San Rafael y Malarg\u00fce.<\/span><\/p>\n<p><span style=\"color: #000000;\">Este a\u00f1o, en el <strong>Honorable Concejo Deliberante de Alvear<\/strong> renovar\u00e1 <strong>5 de sus bancas<\/strong>. Por el <strong>Bloque Cambia Mendoza<\/strong> terminan su per\u00edodo los ediles <strong><em>Alejandra Torti<\/em><\/strong> (buscar\u00e1 reelecci\u00f3n), <strong><em>Pablo Longo<\/em><\/strong> y <strong>Daniel L\u00f3pez<\/strong> mientras que por el <strong>Bloque Frente de Todos <em>Homero Di Berardino<\/em><\/strong> y <strong><em>Stella Maris Montoya.<\/em><\/strong><\/span><\/p>\n<p class=\"note__epigraph\"><span style=\"color: #000000;\">Asimismo, este a\u00f1o <strong>se renueva la mitad de la Legislatura de Mendoza<\/strong>, es decir, hay <strong>24 bancas en juego en Diputados<\/strong> (5 corresponden al 4\u00b0 Distrito) y <strong>19 en Senadores<\/strong> (5 corresponden al 4\u00b0 Distrito).<\/span><\/p>\n<h4 style=\"text-align: center;\"><span style=\"color: #000000;\"><strong>FRENTE CAMBIA MENDOZA<\/strong><\/span><\/h4>\n<p><span style=\"color: #000000;\">El <strong>Frente Cambia Mendoza<\/strong> confirm\u00f3 la conformaci\u00f3n de una de las listas con la que disputar\u00e1 las PASO luego del acuerdo entre los tres sectores del radicalismo local que responden al <strong>Intendente Walther Marcolini<\/strong>, al <strong>Senador Provincial Leonardo Vi\u00f1olo<\/strong> y al <strong>Presidente de Iscamen Alejano Molero\u00a0<\/strong>y el <strong>PRO Alvear,\u00a0<\/strong>presidido por <strong>Jorge De Nardi<\/strong>.<\/span><\/p>\n<p><span style=\"color: #000000;\">Como <strong>precandidato a Diputado Provincial por el 4\u00b0 Distrito<\/strong> se ubica <strong>Jos\u00e9 Vilches (Secretario de Gobierno)<\/strong> y para el Concejo Deliberante:<\/span><\/p>\n<ul>\n<li><span style=\"color: #000000;\"><strong>Hernan Climent (Delegado de Bowen &#8211; UCR)<\/strong><\/span><\/li>\n<li><span style=\"color: #000000;\"><strong>Alejandra Torti (Concejal que busca un segundo per\u00edodo &#8211; UCR)<\/strong><\/span><\/li>\n<li><span style=\"color: #000000;\"><strong>Adolfo Balverde (Director de Defensa Civil &#8211; UCR)\u00a0<\/strong><\/span><\/li>\n<li><span style=\"color: #000000;\"><strong>Cecilia Ariet (PRO)<\/strong><\/span><\/li>\n<\/ul>\n<p><span style=\"color: #000000;\">Dentro del mismo <strong>Frente Cambia Mendoza<\/strong>, ir\u00e1 una <strong>segunda lista<\/strong> conformada por empresarios y profesionales de la salud:<\/span><\/p>\n<p><span style=\"color: #000000;\"><strong>Precandidato a Senador Provincial por el 4\u00b0 Distrito<\/strong>: <strong>Gerardo Fuentes<\/strong>; y a <strong>Diputados Provinciales<\/strong>: <strong>Carlos Zalazar<\/strong> y <strong>Arturo Moruzumi<\/strong>. Para concejales ir\u00e1n:<\/span><\/p>\n<ul>\n<li><span style=\"color: #000000;\"><strong>Nelson Caltabiano<\/strong><\/span><\/li>\n<li><span style=\"color: #000000;\"><strong>Margarita Salda\u00f1a<\/strong><\/span><\/li>\n<li><span style=\"color: #000000;\"><strong>Juan Ferzola<\/strong><\/span><\/li>\n<\/ul>\n<h4 style=\"text-align: center;\"><span style=\"color: #000000;\"><strong>PARTIDO JUSTICIALISTA (FRENTE DE TODOS)<\/strong><\/span><\/h4>\n<p><span style=\"color: #000000;\">Por otra parte, del<strong> Partido Justicialista<\/strong> logr\u00f3 conformar lista \u00fanica que postula como <strong>precandidata a la C\u00e1mara de Diputados de Mendoza a Roxana Escudero<\/strong> y para el Concejo Deliberante propone a:<\/span><\/p>\n<ul>\n<li><span style=\"color: #000000;\"><strong>Sivina Melzi<\/strong><\/span><\/li>\n<li><span style=\"color: #000000;\"><strong>Ezequiel Olivera<\/strong><\/span><\/li>\n<li><span style=\"color: #000000;\"><strong>Luisa Franco<\/strong><\/span><\/li>\n<li><span style=\"color: #000000;\"><strong>Ariel Bravo<\/strong><\/span><\/li>\n<li><span style=\"color: #000000;\"><strong>Romina Arbeloa<\/strong><\/span><\/li>\n<\/ul>\n<p><strong>Otra lista (&#8216;corta&#8217;) dentro del Justicialismo local<\/strong> estar\u00e1 encabezada por el concejal<strong> Homero Di Berardino<\/strong>, quien buscar\u00e1 renovar otro periodo en el Concejo Deliberante, <strong>Ana Laura Ju\u00e1rez<\/strong> y <strong>Julio Arbeloa.<\/strong><\/p>\n<h4 style=\"text-align: center;\"><span style=\"color: #000000;\"><strong>PARTIDO DEM\u00d3CRATA<\/strong><\/span><\/h4>\n<p><span style=\"color: #000000;\">Con la lista denominada &#8216;<strong><em>Acuerdo Mendocino<\/em><\/strong>&#8216;, el <strong>Partido Dem\u00f3crata<\/strong> buscar\u00e1 representaci\u00f3n en la casa deliberativa local con los siguientes precandidatos:<\/span><\/p>\n<ul>\n<li><span style=\"color: #000000;\"><strong>Andrea P\u00e9rez Bernal<\/strong><\/span><\/li>\n<li><span style=\"color: #000000;\"><strong>Carlos Vega<\/strong><\/span><\/li>\n<li><span style=\"color: #000000;\"><strong>Alejandra Ejarque<\/strong><\/span><\/li>\n<li><span style=\"color: #000000;\"><strong>Rody Fernandez<\/strong><\/span><\/li>\n<li><span style=\"color: #000000;\"><strong>Lourdes Durso<\/strong><\/span><\/li>\n<\/ul>\n<h4 style=\"text-align: center;\"><span style=\"color: #000000;\"><strong>PARTIDO COMPROMISO FEDERAL<\/strong><\/span><\/h4>\n<p><span style=\"color: #000000;\">En nuestro departamento, <strong>Compromiso Federal<\/strong> llevar\u00eda como <strong>precandidato para Senador Provincial a Marcelo Rossi<\/strong>, mientras que para el Concejo Deliberante local la lista est\u00e1 conformada por:\u00a0<\/span><\/p>\n<ul>\n<li><span style=\"color: #000000;\"><span style=\"color: #000000;\"><b>Gladys Yunes<\/b><\/span><\/span><\/li>\n<li><span style=\"color: #000000;\"><strong>Josias Kowal\u00a0<\/strong><\/span><\/li>\n<li><span style=\"color: #000000;\"><strong>Roxana Hickawczuk<\/strong><\/span><\/li>\n<\/ul>\n<h5><span style=\"color: #000000;\">\u2022F.B. (F.M. Vi\u00f1as).<\/span><\/h5>\n","protected":false},"excerpt":{"rendered":"<p>Con la presentaci\u00f3n de los precandidatos que competir\u00e1n en las PASO del pr\u00f3ximo 12 de septiembre, las fuerzas pol\u00edticas de General &#8230;<\/p>\n","protected":false},"author":8,"featured_media":21071,"comment_status":"open","ping_status":"open","sticky":false,"template":"","format":"standard","meta":{"footnotes":""},"categories":[5,23],"tags":[],"class_list":["post-94055","post","type-post","status-publish","format-standard","has-post-thumbnail","hentry","category-actualidad","category-elecciones"],"_links":{"self":[{"href":"https:\/\/vinasfm.com\/noticias\/wp-json\/wp\/v2\/posts\/94055","targetHints":{"allow":["GET"]}}],"collection":[{"href":"https:\/\/vinasfm.com\/noticias\/wp-json\/wp\/v2\/posts"}],"about":[{"href":"https:\/\/vinasfm.com\/noticias\/wp-json\/wp\/v2\/types\/post"}],"author":[{"embeddable":true,"href":"https:\/\/vinasfm.com\/noticias\/wp-json\/wp\/v2\/users\/8"}],"replies":[{"embeddable":true,"href":"https:\/\/vinasfm.com\/noticias\/wp-json\/wp\/v2\/comments?post=94055"}],"version-history":[{"count":15,"href":"https:\/\/vinasfm.com\/noticias\/wp-json\/wp\/v2\/posts\/94055\/revisions"}],"predecessor-version":[{"id":94086,"href":"https:\/\/vinasfm.com\/noticias\/wp-json\/wp\/v2\/posts\/94055\/revisions\/94086"}],"wp:featuredmedia":[{"embeddable":true,"href":"https:\/\/vinasfm.com\/noticias\/wp-json\/wp\/v2\/media\/21071"}],"wp:attachment":[{"href":"https:\/\/vinasfm.com\/noticias\/wp-json\/wp\/v2\/media?parent=94055"}],"wp:term":[{"taxonomy":"category","embeddable":true,"href":"https:\/\/vinasfm.com\/noticias\/wp-json\/wp\/v2\/categories?post=94055"},{"taxonomy":"post_tag","embeddable":true,"href":"https:\/\/vinasfm.com\/noticias\/wp-json\/wp\/v2\/tags?post=94055"}],"curies":[{"name":"wp","href":"https:\/\/api.w.org\/{rel}","templated":true}]}}