{"id":94008,"date":"2021-07-27T10:01:35","date_gmt":"2021-07-27T13:01:35","guid":{"rendered":"http:\/\/vinasfm.com\/noticias\/?p=94008"},"modified":"2021-07-27T20:47:08","modified_gmt":"2021-07-27T23:47:08","slug":"la-biblioteca-sarmiento-trabaja-en-diversas-propuestas-y-actividades","status":"publish","type":"post","link":"https:\/\/vinasfm.com\/noticias\/la-biblioteca-sarmiento-trabaja-en-diversas-propuestas-y-actividades\/","title":{"rendered":"LA BIBLIOTECA SARMIENTO TRABAJA EN DIVERSAS PROPUESTAS Y ACTIVIDADES"},"content":{"rendered":"<h4><strong><span style=\"color: #000000;\">La comisi\u00f3n de la Biblioteca Domingo Faustino Sarmiento sigue trabajando para brindarle a los alvearenses un espacio para compartir y disfrutar de distintas actividades como el espacio de lectura, talleres de grafolog\u00eda, talleres de braille, dictado de danzas folkloricas y se prepara un espacio cultural para hacer presentaciones.<\/span><\/strong><\/h4>\n<p><span style=\"color: #000000;\">Desde hace un tiempo se han visto las renovaciones y el trabajo que se viene realizando en la Biblioteca Popular departamental con una comisi\u00f3n que comenz\u00f3 en 2019 y fomenta la utilizaci\u00f3n de estos espacios con diversas actividades, como siempre todos los arreglos, la remodelaci\u00f3n y los trabajos que se hacen por parte de la comisi\u00f3n es ad honorem y se cuenta con la cuota que pagan los socios. <\/span><\/p>\n<p><span style=\"color: #000000;\">Con toda la situaci\u00f3n de covid-19 se ha tenido las puertas cerradas, solo se ha podido abrir unos meses del 2020 y 2021 pero se aprovecho a trabajar en mejoramientos.<\/span><\/p>\n<p><span style=\"color: #000000;\">En di\u00e1logo con <strong>F.M. VI\u00d1AS<\/strong><em><strong>, Rodrigo Tijeras, Presidente de la Comisi\u00f3n, <\/strong><\/em>expres\u00f3<em><strong>: &#8216;Si bien en julio comenzaron algunos talleres como es Jorge Rubio con la Carreta danza folklorica ya est\u00e1n dictando clases, tambi\u00e9n hay gente de grafologia, la gente de braille esta Walter Alvarez y Silvina Castro, tambi\u00e9n un zoom, nosotros tambi\u00e9n queremos hacer un espacio cultural que se llama Teatro la Fusa lo que es el sal\u00f3n de acto se va a transformar en un espacio cultural y est\u00e1n pintando y remodelando&#8217;, <\/strong><\/em>detall\u00f3.<\/span><\/p>\n<p><span style=\"color: #000000;\">Se espera poder abrir las puertas para el 12 de agosto d\u00eda de General Alvear, la biblioteca no solo brindara un espacio dedicado a los libros sino se trabaja para tener un espacio propio donde se puedan dictar cursos, realizar talleres, formar un lugar comunitario donde se puedan realizar exposici\u00f3n de obras, talleres de pintura o presentaci\u00f3n de libros se espera desde la comisi\u00f3n poder formar en la &#8216;Biblioteca Popular Domingo Faustino Sarmiento&#8217; un espacio social para todo el departamento.<\/span><\/p>\n<p><span style=\"color: #000000;\">Las puertas estuvieron cerradas a causa de la pandemia y por decisi\u00f3n de la comisi\u00f3n no se trabajo porque no se cre\u00eda esencial: <strong><em>&#8216;No quer\u00edamos poner en riesgo a la gente, no cre\u00edamos que era algo esencial, si bien esta bueno libros o algo que leer en \u00e9pocas de encierre pero no ve\u00edamos necesidad, la gente entiende y cuando abr\u00edamos la gente dec\u00eda que lastima que no pod\u00edamos tener abierto m\u00e1s tiempo, m\u00e1s d\u00edas pero siempre comprendiendo&#8217;, <\/em><\/strong>remarc\u00f3.<\/span><\/p>\n<p><span style=\"color: #000000;\">Alvear cuenta con cinco bibliotecas:\u00a0 &#8216;<strong>Biblioteca Popular Domingo Faustino Sarmiento<\/strong>&#8216;, &#8216;<strong>Escritores Alveareses<\/strong>&#8216; de Poste de Hierro, &#8216;<strong>Jos\u00e9 Hernandez<\/strong>&#8216; de San Pedro del Atuel, &#8216;<strong>Biblioteca Popular Gral Carlos Mar\u00eda de Alvear<\/strong>&#8216; de Alvear Oeste, &#8216;<strong>Antonio Dimarco<\/strong>&#8216; de Bowen.<\/span><\/p>\n<h5><span style=\"color: #000000;\">\u2022Carla Fuentes.<\/span><\/h5>\n","protected":false},"excerpt":{"rendered":"<p>La comisi\u00f3n de la Biblioteca Domingo Faustino Sarmiento sigue trabajando para brindarle a los alvearenses un espacio para compartir y disfrutar &#8230;<\/p>\n","protected":false},"author":7,"featured_media":94161,"comment_status":"open","ping_status":"open","sticky":false,"template":"","format":"standard","meta":{"footnotes":""},"categories":[5,10],"tags":[],"class_list":["post-94008","post","type-post","status-publish","format-standard","has-post-thumbnail","hentry","category-actualidad","category-destacadas"],"_links":{"self":[{"href":"https:\/\/vinasfm.com\/noticias\/wp-json\/wp\/v2\/posts\/94008","targetHints":{"allow":["GET"]}}],"collection":[{"href":"https:\/\/vinasfm.com\/noticias\/wp-json\/wp\/v2\/posts"}],"about":[{"href":"https:\/\/vinasfm.com\/noticias\/wp-json\/wp\/v2\/types\/post"}],"author":[{"embeddable":true,"href":"https:\/\/vinasfm.com\/noticias\/wp-json\/wp\/v2\/users\/7"}],"replies":[{"embeddable":true,"href":"https:\/\/vinasfm.com\/noticias\/wp-json\/wp\/v2\/comments?post=94008"}],"version-history":[{"count":12,"href":"https:\/\/vinasfm.com\/noticias\/wp-json\/wp\/v2\/posts\/94008\/revisions"}],"predecessor-version":[{"id":94232,"href":"https:\/\/vinasfm.com\/noticias\/wp-json\/wp\/v2\/posts\/94008\/revisions\/94232"}],"wp:featuredmedia":[{"embeddable":true,"href":"https:\/\/vinasfm.com\/noticias\/wp-json\/wp\/v2\/media\/94161"}],"wp:attachment":[{"href":"https:\/\/vinasfm.com\/noticias\/wp-json\/wp\/v2\/media?parent=94008"}],"wp:term":[{"taxonomy":"category","embeddable":true,"href":"https:\/\/vinasfm.com\/noticias\/wp-json\/wp\/v2\/categories?post=94008"},{"taxonomy":"post_tag","embeddable":true,"href":"https:\/\/vinasfm.com\/noticias\/wp-json\/wp\/v2\/tags?post=94008"}],"curies":[{"name":"wp","href":"https:\/\/api.w.org\/{rel}","templated":true}]}}