{"id":93909,"date":"2021-07-22T23:59:08","date_gmt":"2021-07-23T02:59:08","guid":{"rendered":"http:\/\/vinasfm.com\/noticias\/?p=93909"},"modified":"2021-07-23T12:15:20","modified_gmt":"2021-07-23T15:15:20","slug":"con-la-vuelta-del-publico-y-cambio-de-lider-se-programo-la-novena-fecha-del-futbol-alvearense","status":"publish","type":"post","link":"https:\/\/vinasfm.com\/noticias\/con-la-vuelta-del-publico-y-cambio-de-lider-se-programo-la-novena-fecha-del-futbol-alvearense\/","title":{"rendered":"ESTOS SON LOS D\u00cdAS Y HORARIOS DE LA NOVENA FECHA DEL F\u00daTBOL ALVEARENSE CON LA VUELTA DEL P\u00daBLICO"},"content":{"rendered":"<h4><strong><span style=\"color: #000000;\">En reuni\u00f3n de dirigentes de Liga Alvearense de F\u00fatbol, confirmaron el regreso del p\u00fablico a las canchas,\u00a0 y programaron d\u00edas y horarios de la \u00faltima fecha de la primera rueda. Adem\u00e1s, hubo cambio en la punta de la tabla y Argentino es l\u00edder en soledad por una sanci\u00f3n a Uni\u00f3n de San Luis.<\/span><\/strong><\/h4>\n<p><span style=\"color: #000000;\">Con la autorizaci\u00f3n de la Polic\u00eda de Mendoza y el Ministerio de Seguridad,<strong> en el f\u00fatbol alvearense volver\u00e1 el p\u00fablico a las tribunas. <a style=\"color: #000000;\" href=\"http:\/\/vinasfm.com\/noticias\/volveria-el-publico-a-la-cancha-en-la-liga-alvearense-de-futbol\/\">Como anticip\u00f3 FM Vi\u00f1as<\/a>, habr\u00e1 un m\u00e1ximo habilitado de 350 personas en cada estadio, de los cu\u00e1les 25 ser\u00e1n de la parcialidad visitante<\/strong>. De esta manera, se confirm\u00f3 una noticia muy importante para los clubes alvearenses que necesitan de este ingreso econ\u00f3mico.<\/span><\/p>\n<p><span style=\"color: #000000;\">Y tras una fecha a puertas cerradas, estos son los d\u00edas y horarios de los partidos en los que la gente volver\u00e1 a la cancha:<\/span><\/p>\n<p><span style=\"color: #000000;\">S\u00e1bado 16 hs:<\/span><\/p>\n<ul>\n<li><strong><span style=\"color: #000000;\">Andes vs Uni\u00f3n.<\/span><\/strong><\/li>\n<li><strong><span style=\"color: #000000;\">Col\u00f3n vs 10 de Septiembre. (En cancha de Ferro)<\/span><\/strong><\/li>\n<\/ul>\n<p><span style=\"color: #000000;\">Domingo 16 hs:<\/span><\/p>\n<ul>\n<li><strong><span style=\"color: #000000;\">Pac\u00edfico vs Argentino.<\/span><\/strong><\/li>\n<li><strong><span style=\"color: #000000;\">Circunvalaci\u00f3n vs Bowen. (En cancha de Bowen)<\/span><\/strong><\/li>\n<\/ul>\n<p><span style=\"color: #000000;\">Por otra parte, con respecto a la sanci\u00f3n que cambi\u00f3 la tabla de posiciones, <strong>se trata del partido correspondiente a la s\u00e9ptima fecha del torneo, en el que Argentino y Uni\u00f3n empataron 2 a 2.<\/strong> Sin embargo, <strong>el equipo puntano incluy\u00f3 a Rodolfo Ferreira en el equipo, un arquero menor de 18 a\u00f1os que ingres\u00f3 por el titular, Mariano Montanaro<\/strong>, quien fue expulsado en ese mismo encuentro.<\/span><\/p>\n<p><span style=\"color: #000000;\">Y debido a que <strong>s\u00f3lo pueden jugar en la Primera del f\u00fatbol local los mayores de edad, la Academia apel\u00f3 el resultado. Finalmente, el Tribunal de Penas sancion\u00f3 a Uni\u00f3n de San Luis por esta &#8216;mala inclusi\u00f3n&#8217;<\/strong> y por esa raz\u00f3n, el partido <strong>qued\u00f3 registrado como victoria de Argentino por 1 a 0,<\/strong> que ahora es l\u00edder del campeonato en soledad.\u00a0<\/span><\/p>\n<p><span style=\"color: #000000;\">Con esta modificaci\u00f3n, as\u00ed est\u00e1 la tabla de posiciones de cara a la 9na fecha:<\/span><\/p>\n<ol>\n<li><span style=\"color: #000000;\"><strong>Argentino 21 pts.<\/strong><\/span><\/li>\n<li><span style=\"color: #000000;\"><strong>Ferro 19<\/strong><\/span><\/li>\n<li><span style=\"color: #000000;\"><strong>Bowen 18<\/strong><\/span><\/li>\n<li><span style=\"color: #000000;\"><strong>Pac\u00edfico 17<\/strong><\/span><\/li>\n<li><span style=\"color: #000000;\"><strong>Andes 13<\/strong><\/span><\/li>\n<li><span style=\"color: #000000;\"><strong>Col\u00f3n 10<\/strong><\/span><\/li>\n<li><span style=\"color: #000000;\"><strong>10 de Septiembre 10<\/strong><\/span><\/li>\n<li><span style=\"color: #000000;\"><strong>Uni\u00f3n 7<\/strong><\/span><\/li>\n<li><span style=\"color: #000000;\"><strong>Circunvalaci\u00f3n 3<\/strong><\/span><\/li>\n<\/ol>\n<p><span style=\"color: #000000;\">\u2022L.A.<\/span><\/p>\n","protected":false},"excerpt":{"rendered":"<p>En reuni\u00f3n de dirigentes de Liga Alvearense de F\u00fatbol, confirmaron el regreso del p\u00fablico a las canchas,\u00a0 y programaron d\u00edas y &#8230;<\/p>\n","protected":false},"author":7,"featured_media":93918,"comment_status":"open","ping_status":"open","sticky":false,"template":"","format":"standard","meta":{"footnotes":""},"categories":[5,3],"tags":[],"class_list":["post-93909","post","type-post","status-publish","format-standard","has-post-thumbnail","hentry","category-actualidad","category-deportes"],"_links":{"self":[{"href":"https:\/\/vinasfm.com\/noticias\/wp-json\/wp\/v2\/posts\/93909","targetHints":{"allow":["GET"]}}],"collection":[{"href":"https:\/\/vinasfm.com\/noticias\/wp-json\/wp\/v2\/posts"}],"about":[{"href":"https:\/\/vinasfm.com\/noticias\/wp-json\/wp\/v2\/types\/post"}],"author":[{"embeddable":true,"href":"https:\/\/vinasfm.com\/noticias\/wp-json\/wp\/v2\/users\/7"}],"replies":[{"embeddable":true,"href":"https:\/\/vinasfm.com\/noticias\/wp-json\/wp\/v2\/comments?post=93909"}],"version-history":[{"count":7,"href":"https:\/\/vinasfm.com\/noticias\/wp-json\/wp\/v2\/posts\/93909\/revisions"}],"predecessor-version":[{"id":94013,"href":"https:\/\/vinasfm.com\/noticias\/wp-json\/wp\/v2\/posts\/93909\/revisions\/94013"}],"wp:featuredmedia":[{"embeddable":true,"href":"https:\/\/vinasfm.com\/noticias\/wp-json\/wp\/v2\/media\/93918"}],"wp:attachment":[{"href":"https:\/\/vinasfm.com\/noticias\/wp-json\/wp\/v2\/media?parent=93909"}],"wp:term":[{"taxonomy":"category","embeddable":true,"href":"https:\/\/vinasfm.com\/noticias\/wp-json\/wp\/v2\/categories?post=93909"},{"taxonomy":"post_tag","embeddable":true,"href":"https:\/\/vinasfm.com\/noticias\/wp-json\/wp\/v2\/tags?post=93909"}],"curies":[{"name":"wp","href":"https:\/\/api.w.org\/{rel}","templated":true}]}}