{"id":93733,"date":"2021-07-20T07:00:22","date_gmt":"2021-07-20T10:00:22","guid":{"rendered":"http:\/\/vinasfm.com\/noticias\/?p=93733"},"modified":"2021-07-20T19:40:37","modified_gmt":"2021-07-20T22:40:37","slug":"desde-defensa-civil-recuerdan-que-esta-prohibido-el-uso-del-fuego-para-limpieza-de-terrenos-2","status":"publish","type":"post","link":"https:\/\/vinasfm.com\/noticias\/desde-defensa-civil-recuerdan-que-esta-prohibido-el-uso-del-fuego-para-limpieza-de-terrenos-2\/","title":{"rendered":"DESDE DEFENSA CIVIL RECUERDAN QUE EST\u00c1 PROHIBIDO EL USO DEL FUEGO PARA LIMPIEZA DE TERRENOS"},"content":{"rendered":"<h4><span style=\"color: #000000;\"><strong>Este fin de semana se han registrado 14 incendios de malezas en la microrregi\u00f3n comprendida por el departamento de Alvear y los distritos sanrafaelinos aleda\u00f1os. Personal de Defensa Civil, Bomberos de la Polic\u00eda y Voluntarios de Bowen y Villa Atuel trabajaron arduamente en la extinci\u00f3n de los focos \u00edgneos, algunos de gran magnitud se propagaron poniendo en riesgo viviendas cercanas.<\/strong><\/span><\/h4>\n<p><span style=\"color: #000000;\">En di\u00e1logo con<strong>\u00a0F.M. VI\u00d1AS,<\/strong> el <strong>Director de Defensa Civil Adolfo Balverde<\/strong> se\u00f1al\u00f3: &#8216;<em><strong>Se ha estado trabajando con mucho personal principalmente en un incendio que alcanz\u00f3 a afectar unas 25 hect\u00e1reas<\/strong> <strong>sobre Centenario, entre 13 y 14. por lo que acudi\u00f3 el cami\u00f3n hidrante de la Municipalidad y el apoyo de personal de Recursos Naturales y Bomberos<\/strong><\/em>&#8216;.<\/span><\/p>\n<p><span style=\"color: #000000;\">En <strong>Real del Padre<\/strong> se registr\u00f3 un incendio en <strong>Ruta 171 y canal 1<\/strong>, donde se trabaj\u00f3 por el <strong>espacio de 3 horas<\/strong> con ocho bomberos Destacamento Real del Padre, logrando extinguir por completo el siniestro. Asimismo, <strong>en zona de secano de Bowen se reportaron varios siniestros<\/strong> que fueron sofocados por efectivos del cuartel del distrito del Este.<\/span><\/p>\n<p><span style=\"color: #000000;\">&#8216;<strong><em>E<\/em><em>stos incendios han sido provocados por la mano del hombre<\/em><\/strong>&#8216;, asegur\u00f3 Balverde, quien resalt\u00f3 que en las tareas de mitigaci\u00f3n trabajan personas que pueden ser afectadas por este tipo de siniestros por lo que <strong>record\u00f3 que est\u00e1 prohibido el uso del fuego como m\u00e9todo para limpieza de terrenos<\/strong>.<\/span><\/p>\n<p><span style=\"color: #000000;\">Consultado sobre la proliferaci\u00f3n de incendios de malezas en esta \u00e9poca del a\u00f1o, el Director indic\u00f3 que obedece a que &#8216;<strong><em>comienza la limpieza de cupos y para algunos es m\u00e1s f\u00e1cil usar el fuego para esa tarea, acci\u00f3n que no est\u00e1 permitida por la legislaci\u00f3n vigente. Adem\u00e1s se suma el viento que ha imperado en la regi\u00f3n y la falta de precipitaciones<\/em><\/strong>&#8216;.<\/span><\/p>\n<p><span style=\"color: #000000;\">&#8216;<strong><em>Hay que tomar dimensi\u00f3n de las consecuencias negativas que trae aparejado el uso del fuego para limpieza de terrenos. Invitamos a los vecinos que radiquen la denuncia cuando observen a alguien que cometa esta infracci\u00f3n para que se pueda actuar como corresponde<\/em><\/strong>&#8216;, concluy\u00f3 el funcionario.<\/span><\/p>\n<h5><span style=\"color: #000000;\">\u2022F.B.\u00a0<\/span><\/h5>\n","protected":false},"excerpt":{"rendered":"<p>Este fin de semana se han registrado 14 incendios de malezas en la microrregi\u00f3n comprendida por el departamento de Alvear y &#8230;<\/p>\n","protected":false},"author":8,"featured_media":60042,"comment_status":"open","ping_status":"open","sticky":false,"template":"","format":"standard","meta":{"footnotes":""},"categories":[5,51],"tags":[],"class_list":["post-93733","post","type-post","status-publish","format-standard","has-post-thumbnail","hentry","category-actualidad","category-defensa-civil"],"_links":{"self":[{"href":"https:\/\/vinasfm.com\/noticias\/wp-json\/wp\/v2\/posts\/93733","targetHints":{"allow":["GET"]}}],"collection":[{"href":"https:\/\/vinasfm.com\/noticias\/wp-json\/wp\/v2\/posts"}],"about":[{"href":"https:\/\/vinasfm.com\/noticias\/wp-json\/wp\/v2\/types\/post"}],"author":[{"embeddable":true,"href":"https:\/\/vinasfm.com\/noticias\/wp-json\/wp\/v2\/users\/8"}],"replies":[{"embeddable":true,"href":"https:\/\/vinasfm.com\/noticias\/wp-json\/wp\/v2\/comments?post=93733"}],"version-history":[{"count":1,"href":"https:\/\/vinasfm.com\/noticias\/wp-json\/wp\/v2\/posts\/93733\/revisions"}],"predecessor-version":[{"id":93747,"href":"https:\/\/vinasfm.com\/noticias\/wp-json\/wp\/v2\/posts\/93733\/revisions\/93747"}],"wp:featuredmedia":[{"embeddable":true,"href":"https:\/\/vinasfm.com\/noticias\/wp-json\/wp\/v2\/media\/60042"}],"wp:attachment":[{"href":"https:\/\/vinasfm.com\/noticias\/wp-json\/wp\/v2\/media?parent=93733"}],"wp:term":[{"taxonomy":"category","embeddable":true,"href":"https:\/\/vinasfm.com\/noticias\/wp-json\/wp\/v2\/categories?post=93733"},{"taxonomy":"post_tag","embeddable":true,"href":"https:\/\/vinasfm.com\/noticias\/wp-json\/wp\/v2\/tags?post=93733"}],"curies":[{"name":"wp","href":"https:\/\/api.w.org\/{rel}","templated":true}]}}