{"id":93662,"date":"2021-07-19T11:00:42","date_gmt":"2021-07-19T14:00:42","guid":{"rendered":"http:\/\/vinasfm.com\/noticias\/?p=93662"},"modified":"2021-07-19T17:55:08","modified_gmt":"2021-07-19T20:55:08","slug":"a-abrigarse-esta-semana-ingresa-un-frente-frio-en-la-region","status":"publish","type":"post","link":"https:\/\/vinasfm.com\/noticias\/a-abrigarse-esta-semana-ingresa-un-frente-frio-en-la-region\/","title":{"rendered":"\u00a1A ABRIGARSE!: ESTA SEMANA INGRESA UN FRENTE FR\u00cdO EN LA REGI\u00d3N"},"content":{"rendered":"<h4><span style=\"color: #000000;\">Est\u00e1 semana arranc\u00f3 con bajas temperaturas y as\u00ed continuar\u00e1 en los siguientes d\u00edas, tendremos vientos por la semana y heladas para algunos d\u00edas. Las m\u00e1ximas no superar\u00e1n los 20\u00baC y las m\u00ednimas ser\u00e1n bajo cero.<\/span><\/h4>\n<p><span style=\"color: #000000;\"><strong><em>Hoy lunes,<\/em><\/strong> tendremos vientos del noreste y ascenso de la temperatura. <strong><em>M\u00e1xima de 15\u00baC y m\u00ednima de -2\u00baC.<\/em><\/strong><\/span><\/p>\n<p><span style=\"color: #000000;\">Para <em><strong>ma\u00f1ana martes<\/strong><\/em>, tendremos ascenso de la temperatura, vientos leves del noreste. <strong><em>M\u00e1xima de 18\u00baC y m\u00ednima de 0\u00baC<\/em><\/strong><\/span><\/p>\n<p><span style=\"color: #000000;\">El <em><strong>d\u00eda mi\u00e9rcoles<\/strong><\/em>, tendremos poco cambio de la temperatura con vientos leves del noreste. <strong><em>M\u00e1xima<\/em> <em>de 18 y m\u00ednima de 2.<\/em><\/strong><\/span><\/p>\n<p><span style=\"color: #000000;\">Para <strong><em>el <\/em><em>d\u00eda jueves<\/em><\/strong>, poco cambio de la temperatura y vientos leves del noreste. <em><strong>M\u00e1xima <\/strong><strong>de <\/strong><strong>19\u00baC <\/strong><\/em>y <strong><em>m\u00ednima<\/em> <\/strong>de <em><strong>3\u00baC<\/strong><\/em>.<\/span><\/p>\n<p><span style=\"color: #000000;\">Al finalizar la semana el <strong><em>d\u00eda viernes<\/em><\/strong> tendr\u00e1 leve ascenso de la temperatura con vientos del noreste. <strong><em>M\u00e1xima de\u00a0 20\u00baC y m\u00ednima de 5\u00baC<\/em><\/strong><\/span><\/p>\n<h5><span style=\"color: #000000;\">\u2022C.F.<\/span><\/h5>\n","protected":false},"excerpt":{"rendered":"<p>Est\u00e1 semana arranc\u00f3 con bajas temperaturas y as\u00ed continuar\u00e1 en los siguientes d\u00edas, tendremos vientos por la semana y heladas para &#8230;<\/p>\n","protected":false},"author":7,"featured_media":51542,"comment_status":"open","ping_status":"open","sticky":false,"template":"","format":"standard","meta":{"footnotes":""},"categories":[5,36],"tags":[],"class_list":["post-93662","post","type-post","status-publish","format-standard","has-post-thumbnail","hentry","category-actualidad","category-pronostico"],"_links":{"self":[{"href":"https:\/\/vinasfm.com\/noticias\/wp-json\/wp\/v2\/posts\/93662","targetHints":{"allow":["GET"]}}],"collection":[{"href":"https:\/\/vinasfm.com\/noticias\/wp-json\/wp\/v2\/posts"}],"about":[{"href":"https:\/\/vinasfm.com\/noticias\/wp-json\/wp\/v2\/types\/post"}],"author":[{"embeddable":true,"href":"https:\/\/vinasfm.com\/noticias\/wp-json\/wp\/v2\/users\/7"}],"replies":[{"embeddable":true,"href":"https:\/\/vinasfm.com\/noticias\/wp-json\/wp\/v2\/comments?post=93662"}],"version-history":[{"count":3,"href":"https:\/\/vinasfm.com\/noticias\/wp-json\/wp\/v2\/posts\/93662\/revisions"}],"predecessor-version":[{"id":93705,"href":"https:\/\/vinasfm.com\/noticias\/wp-json\/wp\/v2\/posts\/93662\/revisions\/93705"}],"wp:featuredmedia":[{"embeddable":true,"href":"https:\/\/vinasfm.com\/noticias\/wp-json\/wp\/v2\/media\/51542"}],"wp:attachment":[{"href":"https:\/\/vinasfm.com\/noticias\/wp-json\/wp\/v2\/media?parent=93662"}],"wp:term":[{"taxonomy":"category","embeddable":true,"href":"https:\/\/vinasfm.com\/noticias\/wp-json\/wp\/v2\/categories?post=93662"},{"taxonomy":"post_tag","embeddable":true,"href":"https:\/\/vinasfm.com\/noticias\/wp-json\/wp\/v2\/tags?post=93662"}],"curies":[{"name":"wp","href":"https:\/\/api.w.org\/{rel}","templated":true}]}}