{"id":93598,"date":"2021-07-17T23:30:17","date_gmt":"2021-07-18T02:30:17","guid":{"rendered":"http:\/\/vinasfm.com\/noticias\/?p=93598"},"modified":"2021-07-19T10:31:37","modified_gmt":"2021-07-19T13:31:37","slug":"elecciones-asi-quedaron-los-frentes-que-iran-a-las-primarias-en-mendoza","status":"publish","type":"post","link":"https:\/\/vinasfm.com\/noticias\/elecciones-asi-quedaron-los-frentes-que-iran-a-las-primarias-en-mendoza\/","title":{"rendered":"ELECCIONES: AS\u00cd QUEDARON LOS FRENTES QUE IR\u00c1N A LAS PRIMARIAS EN MENDOZA"},"content":{"rendered":"<h4><strong><span style=\"color: #000000;\">Despu\u00e9s de muchas idas y vueltas, finalmente ser\u00e1n 7 los frentes que participar\u00e1n de las Primarias Abiertas Simult\u00e1neas y Obligatorias. Tras los cierres de ayer, ahora comienzan 10 d\u00edas de negociaciones para poder conformar las listas que se encontrar\u00e1n los mendocinos en las urnas en septiembre.<\/span><\/strong><\/h4>\n<p><span style=\"color: #000000;\">A los ya conocidos movimientos de <strong>Cambia Mendoza<\/strong> y el <strong>Frente de Todos<\/strong> con <strong><em>Jos\u00e9 Luis Ram\u00f3n<\/em><\/strong>, tambi\u00e9n se present\u00f3 la<strong> izquierda<\/strong> que se mostr\u00f3 unida y sue\u00f1a con repetir la elecci\u00f3n que los llev\u00f3 al Congreso hace algunos a\u00f1os.<\/span><\/p>\n<p><span style=\"color: #000000;\">Se confirm\u00f3 que el grupo\u00a0se divorci\u00f3 de<strong> Cambia Mendoza<\/strong> junto a la <strong>Coalici\u00f3n C\u00edvica<\/strong> y movimientos como el <strong>MendoExit<\/strong> se presentar\u00e1n como \u00ab<strong><em>Vamos Mendocinos<\/em><\/strong>\u00ab.<\/span><\/p>\n<p><span style=\"color: #000000;\">Quien estuvo cerca de ese grupo fue el espacio que lidera <em><strong>Emanuel Fugazzotto<\/strong><\/em>, del <strong>Partido Verde<\/strong>, el cual finalmente ir\u00e1 con <strong><em>Vadillo<\/em> <\/strong>y <strong><em>Romano<\/em><\/strong> despu\u00e9s de su salida de <strong>Protectora<\/strong>.<\/span><\/p>\n<p><span style=\"color: #000000;\">A todos ellos se suman el sector que acompa\u00f1a al <strong>titular de Coninagro<\/strong>, <em><strong>Carlos Iannizzotto<\/strong><\/em>, bajo el r\u00f3tulo de <strong>Partido Federal<\/strong>, y <strong>Compromiso Federal<\/strong>.<\/span><\/p>\n<p><span style=\"color: #000000;\"><b>Entre los que se fueron y los que llegaron, adem\u00e1s de los que se sumaron a los lugares que dijeron que nunca llegar\u00edan, los frentes quedaron conformados de la siguiente manera:<\/b><\/span><\/p>\n<h4 style=\"text-align: center;\"><strong><span style=\"color: #000000;\">Cambia Mendoza (con dos listas)<\/span><\/strong><\/h4>\n<ul>\n<li><strong><span style=\"color: #000000;\">Uni\u00f3n C\u00edvica Radical<\/span><\/strong><\/li>\n<li><strong><span style=\"color: #000000;\">Partido Socialista\u00a0\u00a0<\/span><\/strong><\/li>\n<li><strong><span style=\"color: #000000;\">PRO<\/span><\/strong><\/li>\n<li><strong><span style=\"color: #000000;\">Partido Renovador Federal\u00a0\u00a0<\/span><\/strong><\/li>\n<li><strong><span style=\"color: #000000;\">L\u00ednea Base Coalici\u00f3n C\u00edvica ARI Mendoza\u00a0\u00a0<\/span><\/strong><\/li>\n<li><strong><span style=\"color: #000000;\">Movimiento Libres del Sur<\/span><\/strong><\/li>\n<li><strong><span style=\"color: #000000;\">Partido Uni\u00f3n Popular Federal<\/span><\/strong><\/li>\n<li><strong><span style=\"color: #000000;\">Masfe<\/span><\/strong><\/li>\n<li><strong><span style=\"color: #000000;\">Partidos Todos por la Ciudad<\/span><\/strong><\/li>\n<li><strong><span style=\"color: #000000;\">Partido Unidad de Acci\u00f3n Santa Rosa<\/span><\/strong><\/li>\n<li><strong><span style=\"color: #000000;\">Movimiento Popular Malarg\u00fcino<\/span><\/strong><\/li>\n<li><strong><span style=\"color: #000000;\">Partido Unidad de Acci\u00f3n en Jun\u00edn<\/span><\/strong><\/li>\n<li><strong><span style=\"color: #000000;\">Partido Haciendo Las Heras<\/span><\/strong><\/li>\n<li><strong><span style=\"color: #000000;\">Partido Agrupaciones Solidarias<\/span><\/strong><\/li>\n<\/ul>\n<p><strong><span style=\"color: #000000;\">Sector Liberal Productivista:<\/span><\/strong><\/p>\n<ul>\n<li><strong><span style=\"color: #000000;\">Partido Dem\u00f3crata Progresista\u00a0\u00a0<\/span><\/strong><\/li>\n<li><strong><span style=\"color: #000000;\">Republicanos Unidos<\/span><\/strong><\/li>\n<li><strong><span style=\"color: #000000;\">L\u00ednea Propuesta Participativa del PRO\u00a0\u00a0<\/span><\/strong><\/li>\n<li><strong><span style=\"color: #000000;\">Movimiento de Integraci\u00f3n y Desarrollo<\/span><\/strong><\/li>\n<li><strong><span style=\"color: #000000;\">Partido del Di\u00e1logo<\/span><\/strong><\/li>\n<\/ul>\n<h4 style=\"text-align: center;\"><strong><span style=\"color: #000000;\">Frente de Todos<\/span><\/strong><\/h4>\n<ul>\n<li><strong><span style=\"color: #000000;\">Partido Justicialista<\/span><\/strong><\/li>\n<li><strong><span style=\"color: #000000;\">Protectora Fuerza Pol\u00edtica<\/span><\/strong><\/li>\n<li><strong><span style=\"color: #000000;\">Partido Intransigente<\/span><\/strong><\/li>\n<li><strong><span style=\"color: #000000;\">Partido Comunista<\/span><\/strong><\/li>\n<li><strong><span style=\"color: #000000;\">Unidad Popular Mendoza<\/span><\/strong><\/li>\n<li><strong><span style=\"color: #000000;\">Nuevo Encuentro<\/span><\/strong><\/li>\n<li><strong><span style=\"color: #000000;\">Kolina<\/span><\/strong><\/li>\n<li><strong><span style=\"color: #000000;\">Partido de la Victoria<\/span><\/strong><\/li>\n<li><strong><span style=\"color: #000000;\">Partido Solidario<\/span><\/strong><\/li>\n<li><strong><span style=\"color: #000000;\">Partido Fe<\/span><\/strong><\/li>\n<li><strong><span style=\"color: #000000;\">Partido del Trabajo y del Pueblo<\/span><\/strong><\/li>\n<li><strong><span style=\"color: #000000;\">Instrumento Electoral por la Unidad Popular<\/span><\/strong><\/li>\n<li><strong><span style=\"color: #000000;\">Frente Grande<\/span><\/strong><\/li>\n<\/ul>\n<h4 style=\"text-align: center;\"><strong><span style=\"color: #000000;\">Vamos Mendocinos<\/span><\/strong><\/h4>\n<ul>\n<li><strong><span style=\"color: #000000;\">Partido Dem\u00f3crata<\/span><\/strong><\/li>\n<li><strong><span style=\"color: #000000;\">\u00c9xito\u00a0\u00a0<\/span><\/strong><\/li>\n<li><strong><span style=\"color: #000000;\">Coalici\u00f3n C\u00edvica &#8211; ARI<\/span><\/strong><\/li>\n<li><strong><span style=\"color: #000000;\">Partido Libertario\u00a0\u00a0<\/span><\/strong><\/li>\n<li><strong><span style=\"color: #000000;\">Despierta Mendoza<\/span><\/strong><\/li>\n<li><strong><span style=\"color: #000000;\">Unidos Mendoza<\/span><\/strong><\/li>\n<li><strong><span style=\"color: #000000;\">Partido de las Ciudades en Acci\u00f3n<\/span><\/strong><\/li>\n<li><strong><span style=\"color: #000000;\">Partido Servir<\/span><\/strong><\/li>\n<li style=\"list-style-type: none;\"><\/li>\n<\/ul>\n<h4 style=\"text-align: center;\"><strong><span style=\"color: #000000;\">Frente de Izquierda &#8211; Unidad<\/span><\/strong><\/h4>\n<ul>\n<li><strong><span style=\"color: #000000;\">PTS<\/span><\/strong><\/li>\n<li><strong><span style=\"color: #000000;\">Partido Obrero PO<\/span><\/strong><\/li>\n<li><strong><span style=\"color: #000000;\">MST<\/span><\/strong><\/li>\n<\/ul>\n<h4 style=\"text-align: center;\"><strong><span style=\"color: #000000;\">Partido Federal<\/span><\/strong><\/h4>\n<ul>\n<li><strong><span style=\"color: #000000;\">Partido Federal\u00a0\u00a0<\/span><\/strong><\/li>\n<li><strong><span style=\"color: #000000;\">Encuentro por Mendoza<\/span><\/strong><\/li>\n<li><strong><span style=\"color: #000000;\">Grupo Olascoaga\u00a0\u00a0<\/span><\/strong><\/li>\n<li><strong><span style=\"color: #000000;\">Tercera Posici\u00f3n<\/span><\/strong><\/li>\n<\/ul>\n<h4 style=\"text-align: center;\"><strong><span style=\"color: #000000;\"><u>Partido Verde<\/u><\/span><\/strong><\/h4>\n<ul>\n<li><strong><span style=\"color: #000000;\">Partido Verde<\/span><\/strong><\/li>\n<li><strong><span style=\"color: #000000;\">Ciudadanos por Mendoza<\/span><\/strong><\/li>\n<\/ul>\n<h4 style=\"text-align: center;\"><strong><span style=\"color: #000000;\">Compromiso Federal<\/span><\/strong><\/h4>\n<ul>\n<li><strong><span style=\"color: #000000;\">Compromiso Federal<\/span><\/strong><\/li>\n<li><strong><span style=\"color: #000000;\">Uni\u00f3n por Mendoza<\/span><\/strong><\/li>\n<li><strong><span style=\"color: #000000;\">Tres Banderas \u00a0<\/span><\/strong><\/li>\n<li><strong><span style=\"color: #000000;\">Partido Laborista<\/span><\/strong><\/li>\n<li><strong><span style=\"color: #000000;\">Principios y Valores<\/span><\/strong><\/li>\n<li><strong><span style=\"color: #000000;\">Valores por mi Pa\u00eds<\/span><\/strong><\/li>\n<li><strong><span style=\"color: #000000;\">Cruzada Renovadora<\/span><\/strong><\/li>\n<\/ul>\n","protected":false},"excerpt":{"rendered":"<p>Despu\u00e9s de muchas idas y vueltas, finalmente ser\u00e1n 7 los frentes que participar\u00e1n de las Primarias Abiertas Simult\u00e1neas y Obligatorias. Tras &#8230;<\/p>\n","protected":false},"author":8,"featured_media":52924,"comment_status":"open","ping_status":"open","sticky":false,"template":"","format":"standard","meta":{"footnotes":""},"categories":[5,23],"tags":[],"class_list":["post-93598","post","type-post","status-publish","format-standard","has-post-thumbnail","hentry","category-actualidad","category-elecciones"],"_links":{"self":[{"href":"https:\/\/vinasfm.com\/noticias\/wp-json\/wp\/v2\/posts\/93598","targetHints":{"allow":["GET"]}}],"collection":[{"href":"https:\/\/vinasfm.com\/noticias\/wp-json\/wp\/v2\/posts"}],"about":[{"href":"https:\/\/vinasfm.com\/noticias\/wp-json\/wp\/v2\/types\/post"}],"author":[{"embeddable":true,"href":"https:\/\/vinasfm.com\/noticias\/wp-json\/wp\/v2\/users\/8"}],"replies":[{"embeddable":true,"href":"https:\/\/vinasfm.com\/noticias\/wp-json\/wp\/v2\/comments?post=93598"}],"version-history":[{"count":2,"href":"https:\/\/vinasfm.com\/noticias\/wp-json\/wp\/v2\/posts\/93598\/revisions"}],"predecessor-version":[{"id":93684,"href":"https:\/\/vinasfm.com\/noticias\/wp-json\/wp\/v2\/posts\/93598\/revisions\/93684"}],"wp:featuredmedia":[{"embeddable":true,"href":"https:\/\/vinasfm.com\/noticias\/wp-json\/wp\/v2\/media\/52924"}],"wp:attachment":[{"href":"https:\/\/vinasfm.com\/noticias\/wp-json\/wp\/v2\/media?parent=93598"}],"wp:term":[{"taxonomy":"category","embeddable":true,"href":"https:\/\/vinasfm.com\/noticias\/wp-json\/wp\/v2\/categories?post=93598"},{"taxonomy":"post_tag","embeddable":true,"href":"https:\/\/vinasfm.com\/noticias\/wp-json\/wp\/v2\/tags?post=93598"}],"curies":[{"name":"wp","href":"https:\/\/api.w.org\/{rel}","templated":true}]}}