{"id":93566,"date":"2021-07-17T23:58:58","date_gmt":"2021-07-18T02:58:58","guid":{"rendered":"http:\/\/vinasfm.com\/noticias\/?p=93566"},"modified":"2021-07-19T10:36:28","modified_gmt":"2021-07-19T13:36:28","slug":"otorgaron-aportes-economicos-a-25-emprendimientos-familiares-de-alvear","status":"publish","type":"post","link":"https:\/\/vinasfm.com\/noticias\/otorgaron-aportes-economicos-a-25-emprendimientos-familiares-de-alvear\/","title":{"rendered":"OTORGARON APORTES ECON\u00d3MICOS A 25 EMPRENDIMIENTOS FAMILIARES DE ALVEAR"},"content":{"rendered":"<h4><span style=\"color: #000000;\"><strong>En el marco del Programa Ayuda Econ\u00f3mica para la Econom\u00eda Social, el Intendente Walther Marcolini, el Secretario de Desarrollo y Promoci\u00f3n Departamental Carlos Ponce junto a la Directora de Econom\u00eda Social y Asociatividad Lorena Meschini otorgaron aportes no reembolsables, por un monto total de $300.000, a 25 emprendedores locales.<\/strong><\/span><\/h4>\n<p><span style=\"color: #000000;\">Se trata de<strong> 25 ayudas para fortalecer los emprendimientos familiares<\/strong> en situaci\u00f3n de vulnerabilidad debido a la pandemia: &#8216;<strong><em>Espec\u00edficamente, son $200.000 para 20 ayudas y $100.000 para cinco emprendimientos, dado que en este \u00faltimo grupo hay j\u00f3venes que han perdido a un familiar. El objetivo de estos fondos es para la compra de insumos. Por eso, luego se les solicita la factura de compra para poder solicitar m\u00e1s fondos y favorecer a otros emprendimientos<\/em><\/strong>&#8216;, explic\u00f3 la referente del <strong>\u00c1rea municipal de Econom\u00eda Social Valeria Mart\u00ednez<\/strong>.<\/span><\/p>\n<p><span style=\"color: #000000;\">&#8216;<strong><em>Desde el \u00c1rea de Econom\u00eda Social hemos trabajo mucho con la colaboraci\u00f3n de la Secretar\u00eda de Desarrollo Humano que aport\u00f3 una Trabajadora Social, tambi\u00e9n de las Delegaciones distritales que conocen el territorio, para que emprendimientos nuevos puedan sobrellevar esta situaci\u00f3n. Entre los cuales hay de carpinter\u00eda, porcinos, textiles<\/em><\/strong>&#8216;, subray\u00f3.<\/span><\/p>\n<p><span style=\"color: #000000;\">Por su parte, la <strong>Directora de la Econom\u00eda Social y la Asociatividad se\u00f1al\u00f3 que el Programa Ayuda Econ\u00f3mica para la Econom\u00eda Social<\/strong> se implement\u00f3 a fines de 2.020 para tratar de acompa\u00f1ar con insumos y materiales a la mayor cantidad de emprendedores y artesanos de la econom\u00eda social.<\/span><\/p>\n<p><span style=\"color: #000000;\">&#8216;<strong><em>Hay 25 ayudas econ\u00f3micas para distintos rubros de $10.000 y de $20.000 espec\u00edficamente para cada caso. En General Alvear se est\u00e1n entregando solamente ayudas directas no fortalecer espacios de comercializaci\u00f3n. Cada municipio ha tenido la oportunidad de trabajar junto a cada artesano y emprendedor para decidir qu\u00e9 es lo mejor para la zona, brindando la mejor posibilidad a los artesanos y emprendedores, dado que han tenido grandes dificultades<\/em><\/strong>&#8216;, concluy\u00f3 Lorena Meschini.<\/span><\/p>\n<p><span style=\"color: #000000;\">El emprendedor <strong>Emanuel Tkaczyk<\/strong> asegur\u00f3: &#8216;<strong><em>Me sirve esta ayuda para poder comprar el alimento para porcinos, porque tenemos un criadero de cerdos en la Colonia Rusa de Carmensa. Me parece muy bien el seguimiento que hacen desde el municipio para brindar estos aportes no reembolsables<\/em><\/strong>&#8216;.<\/span><\/p>\n<h5><span style=\"color: #000000;\">\u2022F.B.<\/span><\/h5>\n","protected":false},"excerpt":{"rendered":"<p>En el marco del Programa Ayuda Econ\u00f3mica para la Econom\u00eda Social, el Intendente Walther Marcolini, el Secretario de Desarrollo y Promoci\u00f3n &#8230;<\/p>\n","protected":false},"author":8,"featured_media":93568,"comment_status":"open","ping_status":"open","sticky":false,"template":"","format":"standard","meta":{"footnotes":""},"categories":[5,16],"tags":[],"class_list":["post-93566","post","type-post","status-publish","format-standard","has-post-thumbnail","hentry","category-actualidad","category-economia"],"_links":{"self":[{"href":"https:\/\/vinasfm.com\/noticias\/wp-json\/wp\/v2\/posts\/93566","targetHints":{"allow":["GET"]}}],"collection":[{"href":"https:\/\/vinasfm.com\/noticias\/wp-json\/wp\/v2\/posts"}],"about":[{"href":"https:\/\/vinasfm.com\/noticias\/wp-json\/wp\/v2\/types\/post"}],"author":[{"embeddable":true,"href":"https:\/\/vinasfm.com\/noticias\/wp-json\/wp\/v2\/users\/8"}],"replies":[{"embeddable":true,"href":"https:\/\/vinasfm.com\/noticias\/wp-json\/wp\/v2\/comments?post=93566"}],"version-history":[{"count":1,"href":"https:\/\/vinasfm.com\/noticias\/wp-json\/wp\/v2\/posts\/93566\/revisions"}],"predecessor-version":[{"id":93570,"href":"https:\/\/vinasfm.com\/noticias\/wp-json\/wp\/v2\/posts\/93566\/revisions\/93570"}],"wp:featuredmedia":[{"embeddable":true,"href":"https:\/\/vinasfm.com\/noticias\/wp-json\/wp\/v2\/media\/93568"}],"wp:attachment":[{"href":"https:\/\/vinasfm.com\/noticias\/wp-json\/wp\/v2\/media?parent=93566"}],"wp:term":[{"taxonomy":"category","embeddable":true,"href":"https:\/\/vinasfm.com\/noticias\/wp-json\/wp\/v2\/categories?post=93566"},{"taxonomy":"post_tag","embeddable":true,"href":"https:\/\/vinasfm.com\/noticias\/wp-json\/wp\/v2\/tags?post=93566"}],"curies":[{"name":"wp","href":"https:\/\/api.w.org\/{rel}","templated":true}]}}