{"id":93518,"date":"2021-07-15T10:22:37","date_gmt":"2021-07-15T13:22:37","guid":{"rendered":"http:\/\/vinasfm.com\/noticias\/?p=93518"},"modified":"2021-07-15T12:01:56","modified_gmt":"2021-07-15T15:01:56","slug":"el-bloque-ucr-propone-una-traza-alternativa-para-la-ruta-188-alvear-malargue","status":"publish","type":"post","link":"https:\/\/vinasfm.com\/noticias\/el-bloque-ucr-propone-una-traza-alternativa-para-la-ruta-188-alvear-malargue\/","title":{"rendered":"EL BLOQUE UCR PROPONE UNA TRAZA ALTERNATIVA PARA LA RUTA 188 ALVEAR-MALARG\u00dcE"},"content":{"rendered":"<h4><span style=\"color: #000000;\"><strong>Debido a un proyecto impulsado por el grupo &#8216;Los Hist\u00f3ricos&#8217;, los concejales de la UCR propusieron en el Concejo Deliberante la realizaci\u00f3n de una nueva trazada en la Ruta 188 para evitar el paso por la laguna Llancanelo.<\/strong><\/span><\/h4>\n<p><span style=\"color: #000000;\">En di\u00e1logo con <strong>F.M. Vi\u00f1as<\/strong>, <strong>Jos\u00e9 Mor\u00e1n<\/strong> en representaci\u00f3n del Bloque UCR, explic\u00f3 el motivo del proyecto que han propuesto en el HCD: \u00ab<strong><em>Es un trabajo que se ven\u00eda haciendo con la concejal Alejandra Torti. Es un trabajo gracias a reuniones que hab\u00edamos mantenido con los hist\u00f3ricos, quienes hace un tiempo atr\u00e1s recorrieron la 188 con Vialidad Nacional y propusieron una nueva traza<\/em><\/strong>\u00ab.<\/span><\/p>\n<p><span style=\"color: #000000;\">Adem\u00e1s, el Presidente del HCD explic\u00f3 concretamente el objetivo de esta obra: \u00ab<strong><em>Lo que se busca es evitar la zona de m\u00e9danos, por la Laguna Llancanelo. Es un impedimento porque est\u00e1 protegida como reserva natural (por su flora y fauna) por la provincia desde 1980 y en 1995 fue incorporada al Sistema internacional de producci\u00f3n de Humedales<\/em><\/strong>\u00ab. Y para darle sustento a esta propuesta, los concejales de la UCR han tenido varias reuniones con los Hist\u00f3ricos.<\/span><\/p>\n<p><span style=\"color: #000000;\">En cuanto a la nueva trazada, que pasar\u00e1 por el norte de Malargue, brind\u00f3 algunos detalles sobre la ubicaci\u00f3n y longitud del camino. \u00ab<strong><em>Seg\u00fan lo que vemos en los mapas, estar\u00edamos hablando de unos 40 kil\u00f3metros de recorrido, lo que se estar\u00eda haciendo. Sale a La Junta y al empalme en la Ruta 40, que queda en el centro de los tres departamentos. Por eso, ser\u00eda muy importante, porque va a facilitar el transporte a los tres departamentos<\/em><\/strong>\u00ab.<\/span><\/p>\n<h5><span style=\"color: #000000;\">\u2022L.A.<\/span><\/h5>\n","protected":false},"excerpt":{"rendered":"<p>Debido a un proyecto impulsado por el grupo &#8216;Los Hist\u00f3ricos&#8217;, los concejales de la UCR propusieron en el Concejo Deliberante la &#8230;<\/p>\n","protected":false},"author":7,"featured_media":93525,"comment_status":"open","ping_status":"open","sticky":false,"template":"","format":"standard","meta":{"footnotes":""},"categories":[5,10],"tags":[],"class_list":["post-93518","post","type-post","status-publish","format-standard","has-post-thumbnail","hentry","category-actualidad","category-destacadas"],"_links":{"self":[{"href":"https:\/\/vinasfm.com\/noticias\/wp-json\/wp\/v2\/posts\/93518","targetHints":{"allow":["GET"]}}],"collection":[{"href":"https:\/\/vinasfm.com\/noticias\/wp-json\/wp\/v2\/posts"}],"about":[{"href":"https:\/\/vinasfm.com\/noticias\/wp-json\/wp\/v2\/types\/post"}],"author":[{"embeddable":true,"href":"https:\/\/vinasfm.com\/noticias\/wp-json\/wp\/v2\/users\/7"}],"replies":[{"embeddable":true,"href":"https:\/\/vinasfm.com\/noticias\/wp-json\/wp\/v2\/comments?post=93518"}],"version-history":[{"count":4,"href":"https:\/\/vinasfm.com\/noticias\/wp-json\/wp\/v2\/posts\/93518\/revisions"}],"predecessor-version":[{"id":93527,"href":"https:\/\/vinasfm.com\/noticias\/wp-json\/wp\/v2\/posts\/93518\/revisions\/93527"}],"wp:featuredmedia":[{"embeddable":true,"href":"https:\/\/vinasfm.com\/noticias\/wp-json\/wp\/v2\/media\/93525"}],"wp:attachment":[{"href":"https:\/\/vinasfm.com\/noticias\/wp-json\/wp\/v2\/media?parent=93518"}],"wp:term":[{"taxonomy":"category","embeddable":true,"href":"https:\/\/vinasfm.com\/noticias\/wp-json\/wp\/v2\/categories?post=93518"},{"taxonomy":"post_tag","embeddable":true,"href":"https:\/\/vinasfm.com\/noticias\/wp-json\/wp\/v2\/tags?post=93518"}],"curies":[{"name":"wp","href":"https:\/\/api.w.org\/{rel}","templated":true}]}}